{"id":9569,"date":"2017-05-25T00:00:00","date_gmt":"2017-05-24T22:00:00","guid":{"rendered":"https:\/\/www.irenemilito.it\/pasta-frola-de-naranja\/"},"modified":"2020-01-16T18:38:04","modified_gmt":"2020-01-16T17:38:04","slug":"pasta-frola-de-naranja","status":"publish","type":"post","link":"https:\/\/www.irenemilito.it\/es\/pasta-frola-de-naranja\/","title":{"rendered":"Pasta frola de naranja"},"content":{"rendered":"<p><b>Ingredientes:<\/b><\/p>\n<ul>\n<li class=\"separator\" style=\"clear: both; text-align: left;\">110 g de mantequilla, fr\u00eda en cubos<\/li>\n<li class=\"separator\" style=\"clear: both; text-align: left;\">80 g de az\u00facar<\/li>\n<li class=\"separator\" style=\"clear: both; text-align: left;\">1 huevo<\/li>\n<li class=\"separator\" style=\"clear: both; text-align: left;\">1 yema<\/li>\n<li class=\"separator\" style=\"clear: both; text-align: left;\">1 cucharadita de esencia de vainilla<\/li>\n<li class=\"separator\" style=\"clear: both; text-align: left;\">220 g de harina leudante<\/li>\n<li class=\"separator\" style=\"clear: both; text-align: left;\">400 g de mermelada de naranja<\/li>\n<\/ul>\n<p><b>Preparaci\u00f3n:<\/b><br \/>\nEn un bol, mezclar la mantequilla con el az\u00facar. Agregar el huevo y la yema, hasta que se forme una masa bien grumosa. Anadir la esencia de vainilla. Incorporar la harina, y amasar hasta que se integren bien todos los ingredientes. Envolver en papel film, y llevar a la heladera por 1 hora. Mientras tanto, precalentar el horno a 180\u00b0C (moderado). Enmantecar y enharinar una tartera mediana. Reservar. Estirar la masa sobre una superficie enharinada, reservando 1\/4. Forrar la tartera hasta los bordes con la masa. Llevar al horno por 10 minutos. Retirar del horno y rellenar con la mermelada de naranja. Hacer tiritas con la masa restante, y colocarlas en cruz por arriba del relleno de mermelada. Llevar al horno por 40 minutos, o hasta que se haya dorado. Servir una vez fr\u00eda.<\/p>\n","protected":false},"excerpt":{"rendered":"<p>Ingredientes: 110 g de mantequilla, fr\u00eda en cubos 80 g de az\u00facar 1 huevo 1 yema 1 cucharadita de esencia de vainilla 220 g de harina leudante 400 g de mermelada de naranja Preparaci\u00f3n: En un bol, mezclar la mantequilla con el az\u00facar. Agregar el huevo y la yema, hasta que se forme una masa&#8230;<\/p>\n<div class=\" [&hellip;]\"><a href=\"https:\/\/www.irenemilito.it\/es\/pasta-frola-de-naranja\/\">Read More<\/a><\/div>\n","protected":false},"author":3,"featured_media":24182,"comment_status":"open","ping_status":"open","sticky":false,"template":"","format":"standard","meta":{"_acf_changed":false,"_bbp_topic_count":0,"_bbp_reply_count":0,"_bbp_total_topic_count":0,"_bbp_total_reply_count":0,"_bbp_voice_count":0,"_bbp_anonymous_reply_count":0,"_bbp_topic_count_hidden":0,"_bbp_reply_count_hidden":0,"_bbp_forum_subforum_count":0,"footnotes":""},"categories":[3800],"tags":[2904,7845,14738,2985,4582],"class_list":["post-9569","post","type-post","status-publish","format-standard","has-post-thumbnail","hentry","category-recetas","tag-recetas-con-la-fruta","tag-recetas-con-las-naranjas","tag-recetas-de-pasta-frola","tag-recetas-dulces","tag-yema"],"acf":[],"yoast_head":"<!-- This site is optimized with the Yoast SEO plugin v23.4 - https:\/\/yoast.com\/wordpress\/plugins\/seo\/ -->\n<title>Pasta frola de naranja - IreneMilito.it<\/title>\n<meta name=\"robots\" content=\"index, follow, max-snippet:-1, max-image-preview:large, max-video-preview:-1\" \/>\n<link rel=\"canonical\" href=\"https:\/\/www.irenemilito.it\/es\/pasta-frola-de-naranja\/\" \/>\n<meta property=\"og:locale\" content=\"es_ES\" \/>\n<meta property=\"og:type\" content=\"article\" \/>\n<meta property=\"og:title\" content=\"Pasta frola de naranja\" \/>\n<meta property=\"og:description\" content=\"Ingredientes: 110 g de mantequilla, fr\u00eda en cubos 80 g de az\u00facar 1 huevo 1 yema 1 cucharadita de esencia de vainilla 220 g de harina leudante 400 g de mermelada de naranja Preparaci\u00f3n: En un bol, mezclar la mantequilla con el az\u00facar. Agregar el huevo y la yema, hasta que se forme una masa...Read More\" \/>\n<meta property=\"og:url\" content=\"https:\/\/www.irenemilito.it\/es\/pasta-frola-de-naranja\/\" \/>\n<meta property=\"og:site_name\" content=\"IreneMilito.it\" \/>\n<meta property=\"article:published_time\" content=\"2017-05-24T22:00:00+00:00\" \/>\n<meta property=\"article:modified_time\" content=\"2020-01-16T17:38:04+00:00\" \/>\n<meta property=\"og:image\" content=\"https:\/\/www.irenemilito.it\/wp-content\/uploads\/2017\/05\/pasta-frola-vegan.jpg\" \/>\n\t<meta property=\"og:image:width\" content=\"960\" \/>\n\t<meta property=\"og:image:height\" content=\"745\" \/>\n\t<meta property=\"og:image:type\" content=\"image\/jpeg\" \/>\n<meta name=\"author\" content=\"Irene Milito\" \/>\n<meta name=\"twitter:card\" content=\"summary_large_image\" \/>\n<meta name=\"twitter:label1\" content=\"Written by\" \/>\n\t<meta name=\"twitter:data1\" content=\"Irene Milito\" \/>\n\t<meta name=\"twitter:label2\" content=\"Est. reading time\" \/>\n\t<meta name=\"twitter:data2\" content=\"1 minute\" \/>\n<script type=\"application\/ld+json\" class=\"yoast-schema-graph\">{\"@context\":\"https:\/\/schema.org\",\"@graph\":[{\"@type\":\"WebPage\",\"@id\":\"https:\/\/www.irenemilito.it\/es\/pasta-frola-de-naranja\/\",\"url\":\"https:\/\/www.irenemilito.it\/es\/pasta-frola-de-naranja\/\",\"name\":\"Pasta frola de naranja - IreneMilito.it\",\"isPartOf\":{\"@id\":\"https:\/\/www.irenemilito.it\/es\/#website\"},\"primaryImageOfPage\":{\"@id\":\"https:\/\/www.irenemilito.it\/es\/pasta-frola-de-naranja\/#primaryimage\"},\"image\":{\"@id\":\"https:\/\/www.irenemilito.it\/es\/pasta-frola-de-naranja\/#primaryimage\"},\"thumbnailUrl\":\"https:\/\/www.irenemilito.it\/wp-content\/uploads\/2017\/05\/pasta-frola-vegan.jpg\",\"datePublished\":\"2017-05-24T22:00:00+00:00\",\"dateModified\":\"2020-01-16T17:38:04+00:00\",\"author\":{\"@id\":\"https:\/\/www.irenemilito.it\/es\/#\/schema\/person\/6b85191f6a3b4eca504346a11bfb5a43\"},\"breadcrumb\":{\"@id\":\"https:\/\/www.irenemilito.it\/es\/pasta-frola-de-naranja\/#breadcrumb\"},\"inLanguage\":\"es-ES\",\"potentialAction\":[{\"@type\":\"ReadAction\",\"target\":[\"https:\/\/www.irenemilito.it\/es\/pasta-frola-de-naranja\/\"]}]},{\"@type\":\"ImageObject\",\"inLanguage\":\"es-ES\",\"@id\":\"https:\/\/www.irenemilito.it\/es\/pasta-frola-de-naranja\/#primaryimage\",\"url\":\"https:\/\/www.irenemilito.it\/wp-content\/uploads\/2017\/05\/pasta-frola-vegan.jpg\",\"contentUrl\":\"https:\/\/www.irenemilito.it\/wp-content\/uploads\/2017\/05\/pasta-frola-vegan.jpg\",\"width\":960,\"height\":745},{\"@type\":\"BreadcrumbList\",\"@id\":\"https:\/\/www.irenemilito.it\/es\/pasta-frola-de-naranja\/#breadcrumb\",\"itemListElement\":[{\"@type\":\"ListItem\",\"position\":1,\"name\":\"Home\",\"item\":\"https:\/\/www.irenemilito.it\/es\/\"},{\"@type\":\"ListItem\",\"position\":2,\"name\":\"Pasta frola de naranja\"}]},{\"@type\":\"WebSite\",\"@id\":\"https:\/\/www.irenemilito.it\/es\/#website\",\"url\":\"https:\/\/www.irenemilito.it\/es\/\",\"name\":\"IreneMilito.it\",\"description\":\"\",\"potentialAction\":[{\"@type\":\"SearchAction\",\"target\":{\"@type\":\"EntryPoint\",\"urlTemplate\":\"https:\/\/www.irenemilito.it\/es\/?s={search_term_string}\"},\"query-input\":{\"@type\":\"PropertyValueSpecification\",\"valueRequired\":true,\"valueName\":\"search_term_string\"}}],\"inLanguage\":\"es-ES\"},{\"@type\":\"Person\",\"@id\":\"https:\/\/www.irenemilito.it\/es\/#\/schema\/person\/6b85191f6a3b4eca504346a11bfb5a43\",\"name\":\"Irene Milito\",\"image\":{\"@type\":\"ImageObject\",\"inLanguage\":\"es-ES\",\"@id\":\"https:\/\/www.irenemilito.it\/es\/#\/schema\/person\/image\/\",\"url\":\"https:\/\/secure.gravatar.com\/avatar\/5eb26e0db05f41e91aa2b9ea92d89581?s=96&d=mm&r=g\",\"contentUrl\":\"https:\/\/secure.gravatar.com\/avatar\/5eb26e0db05f41e91aa2b9ea92d89581?s=96&d=mm&r=g\",\"caption\":\"Irene Milito\"},\"url\":\"https:\/\/www.irenemilito.it\/es\/author\/irene-milito\/\"}]}<\/script>\n<!-- \/ Yoast SEO plugin. -->","yoast_head_json":{"title":"Pasta frola de naranja - IreneMilito.it","robots":{"index":"index","follow":"follow","max-snippet":"max-snippet:-1","max-image-preview":"max-image-preview:large","max-video-preview":"max-video-preview:-1"},"canonical":"https:\/\/www.irenemilito.it\/es\/pasta-frola-de-naranja\/","og_locale":"es_ES","og_type":"article","og_title":"Pasta frola de naranja","og_description":"Ingredientes: 110 g de mantequilla, fr\u00eda en cubos 80 g de az\u00facar 1 huevo 1 yema 1 cucharadita de esencia de vainilla 220 g de harina leudante 400 g de mermelada de naranja Preparaci\u00f3n: En un bol, mezclar la mantequilla con el az\u00facar. Agregar el huevo y la yema, hasta que se forme una masa...Read More","og_url":"https:\/\/www.irenemilito.it\/es\/pasta-frola-de-naranja\/","og_site_name":"IreneMilito.it","article_published_time":"2017-05-24T22:00:00+00:00","article_modified_time":"2020-01-16T17:38:04+00:00","og_image":[{"width":960,"height":745,"url":"https:\/\/www.irenemilito.it\/wp-content\/uploads\/2017\/05\/pasta-frola-vegan.jpg","type":"image\/jpeg"}],"author":"Irene Milito","twitter_card":"summary_large_image","twitter_misc":{"Written by":"Irene Milito","Est. reading time":"1 minute"},"schema":{"@context":"https:\/\/schema.org","@graph":[{"@type":"WebPage","@id":"https:\/\/www.irenemilito.it\/es\/pasta-frola-de-naranja\/","url":"https:\/\/www.irenemilito.it\/es\/pasta-frola-de-naranja\/","name":"Pasta frola de naranja - IreneMilito.it","isPartOf":{"@id":"https:\/\/www.irenemilito.it\/es\/#website"},"primaryImageOfPage":{"@id":"https:\/\/www.irenemilito.it\/es\/pasta-frola-de-naranja\/#primaryimage"},"image":{"@id":"https:\/\/www.irenemilito.it\/es\/pasta-frola-de-naranja\/#primaryimage"},"thumbnailUrl":"https:\/\/www.irenemilito.it\/wp-content\/uploads\/2017\/05\/pasta-frola-vegan.jpg","datePublished":"2017-05-24T22:00:00+00:00","dateModified":"2020-01-16T17:38:04+00:00","author":{"@id":"https:\/\/www.irenemilito.it\/es\/#\/schema\/person\/6b85191f6a3b4eca504346a11bfb5a43"},"breadcrumb":{"@id":"https:\/\/www.irenemilito.it\/es\/pasta-frola-de-naranja\/#breadcrumb"},"inLanguage":"es-ES","potentialAction":[{"@type":"ReadAction","target":["https:\/\/www.irenemilito.it\/es\/pasta-frola-de-naranja\/"]}]},{"@type":"ImageObject","inLanguage":"es-ES","@id":"https:\/\/www.irenemilito.it\/es\/pasta-frola-de-naranja\/#primaryimage","url":"https:\/\/www.irenemilito.it\/wp-content\/uploads\/2017\/05\/pasta-frola-vegan.jpg","contentUrl":"https:\/\/www.irenemilito.it\/wp-content\/uploads\/2017\/05\/pasta-frola-vegan.jpg","width":960,"height":745},{"@type":"BreadcrumbList","@id":"https:\/\/www.irenemilito.it\/es\/pasta-frola-de-naranja\/#breadcrumb","itemListElement":[{"@type":"ListItem","position":1,"name":"Home","item":"https:\/\/www.irenemilito.it\/es\/"},{"@type":"ListItem","position":2,"name":"Pasta frola de naranja"}]},{"@type":"WebSite","@id":"https:\/\/www.irenemilito.it\/es\/#website","url":"https:\/\/www.irenemilito.it\/es\/","name":"IreneMilito.it","description":"","potentialAction":[{"@type":"SearchAction","target":{"@type":"EntryPoint","urlTemplate":"https:\/\/www.irenemilito.it\/es\/?s={search_term_string}"},"query-input":{"@type":"PropertyValueSpecification","valueRequired":true,"valueName":"search_term_string"}}],"inLanguage":"es-ES"},{"@type":"Person","@id":"https:\/\/www.irenemilito.it\/es\/#\/schema\/person\/6b85191f6a3b4eca504346a11bfb5a43","name":"Irene Milito","image":{"@type":"ImageObject","inLanguage":"es-ES","@id":"https:\/\/www.irenemilito.it\/es\/#\/schema\/person\/image\/","url":"https:\/\/secure.gravatar.com\/avatar\/5eb26e0db05f41e91aa2b9ea92d89581?s=96&d=mm&r=g","contentUrl":"https:\/\/secure.gravatar.com\/avatar\/5eb26e0db05f41e91aa2b9ea92d89581?s=96&d=mm&r=g","caption":"Irene Milito"},"url":"https:\/\/www.irenemilito.it\/es\/author\/irene-milito\/"}]}},"_links":{"self":[{"href":"https:\/\/www.irenemilito.it\/es\/wp-json\/wp\/v2\/posts\/9569"}],"collection":[{"href":"https:\/\/www.irenemilito.it\/es\/wp-json\/wp\/v2\/posts"}],"about":[{"href":"https:\/\/www.irenemilito.it\/es\/wp-json\/wp\/v2\/types\/post"}],"author":[{"embeddable":true,"href":"https:\/\/www.irenemilito.it\/es\/wp-json\/wp\/v2\/users\/3"}],"replies":[{"embeddable":true,"href":"https:\/\/www.irenemilito.it\/es\/wp-json\/wp\/v2\/comments?post=9569"}],"version-history":[{"count":2,"href":"https:\/\/www.irenemilito.it\/es\/wp-json\/wp\/v2\/posts\/9569\/revisions"}],"predecessor-version":[{"id":24186,"href":"https:\/\/www.irenemilito.it\/es\/wp-json\/wp\/v2\/posts\/9569\/revisions\/24186"}],"wp:featuredmedia":[{"embeddable":true,"href":"https:\/\/www.irenemilito.it\/es\/wp-json\/wp\/v2\/media\/24182"}],"wp:attachment":[{"href":"https:\/\/www.irenemilito.it\/es\/wp-json\/wp\/v2\/media?parent=9569"}],"wp:term":[{"taxonomy":"category","embeddable":true,"href":"https:\/\/www.irenemilito.it\/es\/wp-json\/wp\/v2\/categories?post=9569"},{"taxonomy":"post_tag","embeddable":true,"href":"https:\/\/www.irenemilito.it\/es\/wp-json\/wp\/v2\/tags?post=9569"}],"curies":[{"name":"wp","href":"https:\/\/api.w.org\/{rel}","templated":true}]}}