{"id":18323,"date":"2019-01-06T18:51:50","date_gmt":"2019-01-06T17:51:50","guid":{"rendered":"https:\/\/www.irenemilito.it\/?p=18323"},"modified":"2019-01-06T18:51:50","modified_gmt":"2019-01-06T17:51:50","slug":"trufas-a-la-naranja","status":"publish","type":"post","link":"https:\/\/www.irenemilito.it\/es\/trufas-a-la-naranja\/","title":{"rendered":"Trufas a la naranja"},"content":{"rendered":"<p><strong>Porciones:\u00a0<\/strong>12 individuales<\/p>\n<p><b>Preparaci\u00f3n:\u00a0<\/b>1 hora, m\u00e1s refrigeraci\u00f3n<\/p>\n<p><strong>Dificultad:\u00a0<\/strong>F\u00e1cil<\/p>\n<p><strong>Ingredientes:<\/strong><\/p>\n<ul>\n<li>1\/2 taza de crema para batir<\/li>\n<li>1 cucharada de ralladura de naranja<\/li>\n<li>265 gramos de chocolate semi amargo picado<\/li>\n<li>1\/4 de naranja cristalizada finamente picada<\/li>\n<li>1 cucharadita de licor de naranja<\/li>\n<\/ul>\n<p><strong>Ingredientes para la cubierta:<\/strong><\/p>\n<ul>\n<li>150 gramos de chocolate semi amargo<\/li>\n<li>Tiras de naranja confitadas cortadas en cuadritos<\/li>\n<\/ul>\n<p><b>Preparaci\u00f3n:<\/b><\/p>\n<p>Calentar a ba\u00f1o mar\u00eda la crema para batir junto con la ralladura de naranja. Una vez que haya hervido retirar del ba\u00f1o mar\u00eda. Agregar el chocolate sin dejar de batir hasta que se derrita. A\u00f1adir la naranja cristalizada y el licor de naranja. Vaciar a otro taz\u00f3n, tapar y refrigerar hasta que est\u00e9 duro. Formar bolitas, colocarlas en una charola con papel encerado y meter al congelador. Mientras, en el microondas o a ba\u00f1o mar\u00eda derretir el chocolate para la cubierta hasta que se derrita, dejar que se enfr\u00ede por completo. Sumergir cada bolita en el chocolate, sacar y colocar encima de una coladera de metal gir\u00e1ndola para un lado y otro para darle forma de picos. Poner sobre la misma charola y colocar un cuadrito de naranja confitada. Dejar que se endurezca el chocolate. Hacer lo mismo hasta terminar con las trufas. Colocar en capacillos.<\/p>\n","protected":false},"excerpt":{"rendered":"<p>Porciones:\u00a012 individuales Preparaci\u00f3n:\u00a01 hora, m\u00e1s refrigeraci\u00f3n Dificultad:\u00a0F\u00e1cil Ingredientes: 1\/2 taza de crema para batir 1 cucharada de ralladura de naranja 265 gramos de chocolate semi amargo picado 1\/4 de naranja cristalizada finamente picada 1 cucharadita de licor de naranja Ingredientes para la cubierta: 150 gramos de chocolate semi amargo Tiras de naranja confitadas cortadas en&#8230;<\/p>\n<div class=\" [&hellip;]\"><a href=\"https:\/\/www.irenemilito.it\/es\/trufas-a-la-naranja\/\">Read More<\/a><\/div>\n","protected":false},"author":3,"featured_media":18324,"comment_status":"open","ping_status":"open","sticky":false,"template":"","format":"standard","meta":{"_acf_changed":false,"_bbp_topic_count":0,"_bbp_reply_count":0,"_bbp_total_topic_count":0,"_bbp_total_reply_count":0,"_bbp_voice_count":0,"_bbp_anonymous_reply_count":0,"_bbp_topic_count_hidden":0,"_bbp_reply_count_hidden":0,"_bbp_forum_subforum_count":0,"footnotes":""},"categories":[3800],"tags":[4358,4972,6127,2904,7845,5301,7869,2985,11446,11444],"class_list":["post-18323","post","type-post","status-publish","format-standard","has-post-thumbnail","hentry","category-recetas","tag-ralladura-de-naranja","tag-recetas-con-el-licor","tag-recetas-con-la-cubierta","tag-recetas-con-la-fruta","tag-recetas-con-las-naranjas","tag-recetas-de-galletas","tag-recetas-de-trufas","tag-recetas-dulces","tag-tiras-de-naranja-confitadas-cortadas-en-cuadritos","tag-trufas-a-la-naranja"],"acf":[],"yoast_head":"<!-- This site is optimized with the Yoast SEO plugin v23.4 - https:\/\/yoast.com\/wordpress\/plugins\/seo\/ -->\n<title>Trufas a la naranja - IreneMilito.it<\/title>\n<meta name=\"robots\" content=\"index, follow, max-snippet:-1, max-image-preview:large, max-video-preview:-1\" \/>\n<link rel=\"canonical\" href=\"https:\/\/www.irenemilito.it\/es\/trufas-a-la-naranja\/\" \/>\n<meta property=\"og:locale\" content=\"es_ES\" \/>\n<meta property=\"og:type\" content=\"article\" \/>\n<meta property=\"og:title\" content=\"Trufas a la naranja\" \/>\n<meta property=\"og:description\" content=\"Porciones:\u00a012 individuales Preparaci\u00f3n:\u00a01 hora, m\u00e1s refrigeraci\u00f3n Dificultad:\u00a0F\u00e1cil Ingredientes: 1\/2 taza de crema para batir 1 cucharada de ralladura de naranja 265 gramos de chocolate semi amargo picado 1\/4 de naranja cristalizada finamente picada 1 cucharadita de licor de naranja Ingredientes para la cubierta: 150 gramos de chocolate semi amargo Tiras de naranja confitadas cortadas en...Read More\" \/>\n<meta property=\"og:url\" content=\"https:\/\/www.irenemilito.it\/es\/trufas-a-la-naranja\/\" \/>\n<meta property=\"og:site_name\" content=\"IreneMilito.it\" \/>\n<meta property=\"article:published_time\" content=\"2019-01-06T17:51:50+00:00\" \/>\n<meta property=\"og:image\" content=\"https:\/\/www.irenemilito.it\/wp-content\/uploads\/2019\/01\/IMG_1512-684x1024.jpg\" \/>\n\t<meta property=\"og:image:width\" content=\"684\" \/>\n\t<meta property=\"og:image:height\" content=\"1024\" \/>\n\t<meta property=\"og:image:type\" content=\"image\/jpeg\" \/>\n<meta name=\"author\" content=\"Irene Milito\" \/>\n<meta name=\"twitter:card\" content=\"summary_large_image\" \/>\n<meta name=\"twitter:label1\" content=\"Written by\" \/>\n\t<meta name=\"twitter:data1\" content=\"Irene Milito\" \/>\n\t<meta name=\"twitter:label2\" content=\"Est. reading time\" \/>\n\t<meta name=\"twitter:data2\" content=\"1 minute\" \/>\n<script type=\"application\/ld+json\" class=\"yoast-schema-graph\">{\"@context\":\"https:\/\/schema.org\",\"@graph\":[{\"@type\":\"WebPage\",\"@id\":\"https:\/\/www.irenemilito.it\/es\/trufas-a-la-naranja\/\",\"url\":\"https:\/\/www.irenemilito.it\/es\/trufas-a-la-naranja\/\",\"name\":\"Trufas a la naranja - IreneMilito.it\",\"isPartOf\":{\"@id\":\"https:\/\/www.irenemilito.it\/es\/#website\"},\"primaryImageOfPage\":{\"@id\":\"https:\/\/www.irenemilito.it\/es\/trufas-a-la-naranja\/#primaryimage\"},\"image\":{\"@id\":\"https:\/\/www.irenemilito.it\/es\/trufas-a-la-naranja\/#primaryimage\"},\"thumbnailUrl\":\"https:\/\/www.irenemilito.it\/wp-content\/uploads\/2019\/01\/IMG_1512-684x1024.jpg\",\"datePublished\":\"2019-01-06T17:51:50+00:00\",\"dateModified\":\"2019-01-06T17:51:50+00:00\",\"author\":{\"@id\":\"https:\/\/www.irenemilito.it\/es\/#\/schema\/person\/6b85191f6a3b4eca504346a11bfb5a43\"},\"breadcrumb\":{\"@id\":\"https:\/\/www.irenemilito.it\/es\/trufas-a-la-naranja\/#breadcrumb\"},\"inLanguage\":\"es-ES\",\"potentialAction\":[{\"@type\":\"ReadAction\",\"target\":[\"https:\/\/www.irenemilito.it\/es\/trufas-a-la-naranja\/\"]}]},{\"@type\":\"ImageObject\",\"inLanguage\":\"es-ES\",\"@id\":\"https:\/\/www.irenemilito.it\/es\/trufas-a-la-naranja\/#primaryimage\",\"url\":\"https:\/\/www.irenemilito.it\/wp-content\/uploads\/2019\/01\/IMG_1512-684x1024.jpg\",\"contentUrl\":\"https:\/\/www.irenemilito.it\/wp-content\/uploads\/2019\/01\/IMG_1512-684x1024.jpg\",\"width\":684,\"height\":1024},{\"@type\":\"BreadcrumbList\",\"@id\":\"https:\/\/www.irenemilito.it\/es\/trufas-a-la-naranja\/#breadcrumb\",\"itemListElement\":[{\"@type\":\"ListItem\",\"position\":1,\"name\":\"Home\",\"item\":\"https:\/\/www.irenemilito.it\/es\/\"},{\"@type\":\"ListItem\",\"position\":2,\"name\":\"Trufas a la naranja\"}]},{\"@type\":\"WebSite\",\"@id\":\"https:\/\/www.irenemilito.it\/es\/#website\",\"url\":\"https:\/\/www.irenemilito.it\/es\/\",\"name\":\"IreneMilito.it\",\"description\":\"\",\"potentialAction\":[{\"@type\":\"SearchAction\",\"target\":{\"@type\":\"EntryPoint\",\"urlTemplate\":\"https:\/\/www.irenemilito.it\/es\/?s={search_term_string}\"},\"query-input\":{\"@type\":\"PropertyValueSpecification\",\"valueRequired\":true,\"valueName\":\"search_term_string\"}}],\"inLanguage\":\"es-ES\"},{\"@type\":\"Person\",\"@id\":\"https:\/\/www.irenemilito.it\/es\/#\/schema\/person\/6b85191f6a3b4eca504346a11bfb5a43\",\"name\":\"Irene Milito\",\"image\":{\"@type\":\"ImageObject\",\"inLanguage\":\"es-ES\",\"@id\":\"https:\/\/www.irenemilito.it\/es\/#\/schema\/person\/image\/\",\"url\":\"https:\/\/secure.gravatar.com\/avatar\/5eb26e0db05f41e91aa2b9ea92d89581?s=96&d=mm&r=g\",\"contentUrl\":\"https:\/\/secure.gravatar.com\/avatar\/5eb26e0db05f41e91aa2b9ea92d89581?s=96&d=mm&r=g\",\"caption\":\"Irene Milito\"},\"url\":\"https:\/\/www.irenemilito.it\/es\/author\/irene-milito\/\"}]}<\/script>\n<!-- \/ Yoast SEO plugin. -->","yoast_head_json":{"title":"Trufas a la naranja - IreneMilito.it","robots":{"index":"index","follow":"follow","max-snippet":"max-snippet:-1","max-image-preview":"max-image-preview:large","max-video-preview":"max-video-preview:-1"},"canonical":"https:\/\/www.irenemilito.it\/es\/trufas-a-la-naranja\/","og_locale":"es_ES","og_type":"article","og_title":"Trufas a la naranja","og_description":"Porciones:\u00a012 individuales Preparaci\u00f3n:\u00a01 hora, m\u00e1s refrigeraci\u00f3n Dificultad:\u00a0F\u00e1cil Ingredientes: 1\/2 taza de crema para batir 1 cucharada de ralladura de naranja 265 gramos de chocolate semi amargo picado 1\/4 de naranja cristalizada finamente picada 1 cucharadita de licor de naranja Ingredientes para la cubierta: 150 gramos de chocolate semi amargo Tiras de naranja confitadas cortadas en...Read More","og_url":"https:\/\/www.irenemilito.it\/es\/trufas-a-la-naranja\/","og_site_name":"IreneMilito.it","article_published_time":"2019-01-06T17:51:50+00:00","og_image":[{"width":684,"height":1024,"url":"https:\/\/www.irenemilito.it\/wp-content\/uploads\/2019\/01\/IMG_1512-684x1024.jpg","type":"image\/jpeg"}],"author":"Irene Milito","twitter_card":"summary_large_image","twitter_misc":{"Written by":"Irene Milito","Est. reading time":"1 minute"},"schema":{"@context":"https:\/\/schema.org","@graph":[{"@type":"WebPage","@id":"https:\/\/www.irenemilito.it\/es\/trufas-a-la-naranja\/","url":"https:\/\/www.irenemilito.it\/es\/trufas-a-la-naranja\/","name":"Trufas a la naranja - IreneMilito.it","isPartOf":{"@id":"https:\/\/www.irenemilito.it\/es\/#website"},"primaryImageOfPage":{"@id":"https:\/\/www.irenemilito.it\/es\/trufas-a-la-naranja\/#primaryimage"},"image":{"@id":"https:\/\/www.irenemilito.it\/es\/trufas-a-la-naranja\/#primaryimage"},"thumbnailUrl":"https:\/\/www.irenemilito.it\/wp-content\/uploads\/2019\/01\/IMG_1512-684x1024.jpg","datePublished":"2019-01-06T17:51:50+00:00","dateModified":"2019-01-06T17:51:50+00:00","author":{"@id":"https:\/\/www.irenemilito.it\/es\/#\/schema\/person\/6b85191f6a3b4eca504346a11bfb5a43"},"breadcrumb":{"@id":"https:\/\/www.irenemilito.it\/es\/trufas-a-la-naranja\/#breadcrumb"},"inLanguage":"es-ES","potentialAction":[{"@type":"ReadAction","target":["https:\/\/www.irenemilito.it\/es\/trufas-a-la-naranja\/"]}]},{"@type":"ImageObject","inLanguage":"es-ES","@id":"https:\/\/www.irenemilito.it\/es\/trufas-a-la-naranja\/#primaryimage","url":"https:\/\/www.irenemilito.it\/wp-content\/uploads\/2019\/01\/IMG_1512-684x1024.jpg","contentUrl":"https:\/\/www.irenemilito.it\/wp-content\/uploads\/2019\/01\/IMG_1512-684x1024.jpg","width":684,"height":1024},{"@type":"BreadcrumbList","@id":"https:\/\/www.irenemilito.it\/es\/trufas-a-la-naranja\/#breadcrumb","itemListElement":[{"@type":"ListItem","position":1,"name":"Home","item":"https:\/\/www.irenemilito.it\/es\/"},{"@type":"ListItem","position":2,"name":"Trufas a la naranja"}]},{"@type":"WebSite","@id":"https:\/\/www.irenemilito.it\/es\/#website","url":"https:\/\/www.irenemilito.it\/es\/","name":"IreneMilito.it","description":"","potentialAction":[{"@type":"SearchAction","target":{"@type":"EntryPoint","urlTemplate":"https:\/\/www.irenemilito.it\/es\/?s={search_term_string}"},"query-input":{"@type":"PropertyValueSpecification","valueRequired":true,"valueName":"search_term_string"}}],"inLanguage":"es-ES"},{"@type":"Person","@id":"https:\/\/www.irenemilito.it\/es\/#\/schema\/person\/6b85191f6a3b4eca504346a11bfb5a43","name":"Irene Milito","image":{"@type":"ImageObject","inLanguage":"es-ES","@id":"https:\/\/www.irenemilito.it\/es\/#\/schema\/person\/image\/","url":"https:\/\/secure.gravatar.com\/avatar\/5eb26e0db05f41e91aa2b9ea92d89581?s=96&d=mm&r=g","contentUrl":"https:\/\/secure.gravatar.com\/avatar\/5eb26e0db05f41e91aa2b9ea92d89581?s=96&d=mm&r=g","caption":"Irene Milito"},"url":"https:\/\/www.irenemilito.it\/es\/author\/irene-milito\/"}]}},"_links":{"self":[{"href":"https:\/\/www.irenemilito.it\/es\/wp-json\/wp\/v2\/posts\/18323"}],"collection":[{"href":"https:\/\/www.irenemilito.it\/es\/wp-json\/wp\/v2\/posts"}],"about":[{"href":"https:\/\/www.irenemilito.it\/es\/wp-json\/wp\/v2\/types\/post"}],"author":[{"embeddable":true,"href":"https:\/\/www.irenemilito.it\/es\/wp-json\/wp\/v2\/users\/3"}],"replies":[{"embeddable":true,"href":"https:\/\/www.irenemilito.it\/es\/wp-json\/wp\/v2\/comments?post=18323"}],"version-history":[{"count":1,"href":"https:\/\/www.irenemilito.it\/es\/wp-json\/wp\/v2\/posts\/18323\/revisions"}],"predecessor-version":[{"id":18325,"href":"https:\/\/www.irenemilito.it\/es\/wp-json\/wp\/v2\/posts\/18323\/revisions\/18325"}],"wp:featuredmedia":[{"embeddable":true,"href":"https:\/\/www.irenemilito.it\/es\/wp-json\/wp\/v2\/media\/18324"}],"wp:attachment":[{"href":"https:\/\/www.irenemilito.it\/es\/wp-json\/wp\/v2\/media?parent=18323"}],"wp:term":[{"taxonomy":"category","embeddable":true,"href":"https:\/\/www.irenemilito.it\/es\/wp-json\/wp\/v2\/categories?post=18323"},{"taxonomy":"post_tag","embeddable":true,"href":"https:\/\/www.irenemilito.it\/es\/wp-json\/wp\/v2\/tags?post=18323"}],"curies":[{"name":"wp","href":"https:\/\/api.w.org\/{rel}","templated":true}]}}