{"id":17581,"date":"2018-12-02T12:13:04","date_gmt":"2018-12-02T11:13:04","guid":{"rendered":"https:\/\/www.irenemilito.it\/?p=17581"},"modified":"2018-12-02T12:13:04","modified_gmt":"2018-12-02T11:13:04","slug":"pan-dulce-navideno-aleman","status":"publish","type":"post","link":"https:\/\/www.irenemilito.it\/es\/pan-dulce-navideno-aleman\/","title":{"rendered":"Pan dulce navide\u00f1o alem\u00e1n"},"content":{"rendered":"<p><strong>Ingredientes:<\/strong><\/p>\n<ul>\n<li>7 g de levadura de cerveza en polvo<\/li>\n<li>175 cc de leche tibia<\/li>\n<li>1 huevo grande<\/li>\n<li>90 g de az\u00facar<\/li>\n<li>1 1\/2 cucharadita de sal<\/li>\n<li>90 g de mantequilla<\/li>\n<li>375 g de harina<\/li>\n<li>60 g de uvas pasas<\/li>\n<li>60 g de pasas rubias<\/li>\n<li>60 g de cerezas al marrasquino, cortadas en cuartos<\/li>\n<li>185 g de fruta seca mixta (nueces, almendras, avellanas)<\/li>\n<li>220 g de pasta de almendras o mazap\u00e1n<\/li>\n<li>1 cucharadita de az\u00facar glas (impalpable)<\/li>\n<li>1\/2 cucharadita de canela en polvo<\/li>\n<li>Almendras fileteadas, cantidad para decorar<\/li>\n<\/ul>\n<p><b>Preparaci\u00f3n<\/b><strong>:<\/strong><\/p>\n<p>En un bol peque\u00f1o. disolver la levadura en leche tibia. Dejar reposar hasta que est\u00e9 cremosa, aproximadamente 10 minutos. En un bol grande, mezclar la levadura con el huevo, el az\u00facar, la sal, la mantequilla y 3\/4 de la harina. Batir bien. Agregar en etapas el resto de la harina, revolviendo bien despu\u00e9s de cada adici\u00f3n. Una vez que se forma un bollo, colocar sobre la mesada ligeramente enharinada y agregar las pasas, cerezas y fruta seca. Seguir amasando hasta lograr una consistencia suave y distribuir la fruta (aproximadamente por 8 minutos). Aceitar ligeramente un bol grande y colocar la masa adentro, rotando para lograr que se cubra de aceite. Tapar con un repasador humeado y colocar en un lugar sin corriente de aire hasta que duplique su volumen (aproximadamente 1 hora). Precalentar el horno a 180\u00b0C (moderado). Enmantecar ligeramente una asadera. Volcar la masa sobre una superficie ligeramente enharinada. Formar un rollito fino con la pasta de almendras y colocar en el centro de la masa estirada. Doblar la masa para cubrir la pasta de almendras y pellizcar los bordes para sellar. Colocar la masa sobre la asadera, dejando la uni\u00f3n hacia abajo. Cubrir con un repasador limpio y h\u00famedo, y dejar levar hasta que duplique su tama\u00f1o, durante aproximadamente 40 minutos. Llevar al horno y cocinar 10 minutos, luego reducir a temperatura a 150\u00b0C (bajo) y hornear de 30 a 40 minutos, o hasta que se vea dorado. Dejar enfriar sobre una rejilla. Espolvorear con az\u00facar impalpable y distribuir las almendras tostadas sobre la superficie.<\/p>\n","protected":false},"excerpt":{"rendered":"<p>Ingredientes: 7 g de levadura de cerveza en polvo 175 cc de leche tibia 1 huevo grande 90 g de az\u00facar 1 1\/2 cucharadita de sal 90 g de mantequilla 375 g de harina 60 g de uvas pasas 60 g de pasas rubias 60 g de cerezas al marrasquino, cortadas en cuartos 185 g&#8230;<\/p>\n<div class=\" [&hellip;]\"><a href=\"https:\/\/www.irenemilito.it\/es\/pan-dulce-navideno-aleman\/\">Read More<\/a><\/div>\n","protected":false},"author":3,"featured_media":17582,"comment_status":"open","ping_status":"open","sticky":false,"template":"","format":"standard","meta":{"_acf_changed":false,"_bbp_topic_count":0,"_bbp_reply_count":0,"_bbp_total_topic_count":0,"_bbp_total_reply_count":0,"_bbp_voice_count":0,"_bbp_anonymous_reply_count":0,"_bbp_topic_count_hidden":0,"_bbp_reply_count_hidden":0,"_bbp_forum_subforum_count":0,"footnotes":""},"categories":[3800],"tags":[10749,5037,3838,2985,9470,4601],"class_list":["post-17581","post","type-post","status-publish","format-standard","has-post-thumbnail","hentry","category-recetas","tag-recetas-alemanes","tag-recetas-con-la-fruta-seca","tag-recetas-de-navidad","tag-recetas-dulces","tag-recetas-navidenas","tag-uvas-pasas"],"acf":[],"yoast_head":"<!-- This site is optimized with the Yoast SEO plugin v23.4 - https:\/\/yoast.com\/wordpress\/plugins\/seo\/ -->\n<title>Pan dulce navide\u00f1o alem\u00e1n - IreneMilito.it<\/title>\n<meta name=\"robots\" content=\"index, follow, max-snippet:-1, max-image-preview:large, max-video-preview:-1\" \/>\n<link rel=\"canonical\" href=\"https:\/\/www.irenemilito.it\/es\/pan-dulce-navideno-aleman\/\" \/>\n<meta property=\"og:locale\" content=\"es_ES\" \/>\n<meta property=\"og:type\" content=\"article\" \/>\n<meta property=\"og:title\" content=\"Pan dulce navide\u00f1o alem\u00e1n\" \/>\n<meta property=\"og:description\" content=\"Ingredientes: 7 g de levadura de cerveza en polvo 175 cc de leche tibia 1 huevo grande 90 g de az\u00facar 1 1\/2 cucharadita de sal 90 g de mantequilla 375 g de harina 60 g de uvas pasas 60 g de pasas rubias 60 g de cerezas al marrasquino, cortadas en cuartos 185 g...Read More\" \/>\n<meta property=\"og:url\" content=\"https:\/\/www.irenemilito.it\/es\/pan-dulce-navideno-aleman\/\" \/>\n<meta property=\"og:site_name\" content=\"IreneMilito.it\" \/>\n<meta property=\"article:published_time\" content=\"2018-12-02T11:13:04+00:00\" \/>\n<meta property=\"og:image\" content=\"https:\/\/www.irenemilito.it\/wp-content\/uploads\/2018\/12\/DSC_0158-1.jpg\" \/>\n\t<meta property=\"og:image:width\" content=\"2256\" \/>\n\t<meta property=\"og:image:height\" content=\"1496\" \/>\n\t<meta property=\"og:image:type\" content=\"image\/jpeg\" \/>\n<meta name=\"author\" content=\"Irene Milito\" \/>\n<meta name=\"twitter:card\" content=\"summary_large_image\" \/>\n<meta name=\"twitter:label1\" content=\"Written by\" \/>\n\t<meta name=\"twitter:data1\" content=\"Irene Milito\" \/>\n\t<meta name=\"twitter:label2\" content=\"Est. reading time\" \/>\n\t<meta name=\"twitter:data2\" content=\"2 minutes\" \/>\n<script type=\"application\/ld+json\" class=\"yoast-schema-graph\">{\"@context\":\"https:\/\/schema.org\",\"@graph\":[{\"@type\":\"WebPage\",\"@id\":\"https:\/\/www.irenemilito.it\/es\/pan-dulce-navideno-aleman\/\",\"url\":\"https:\/\/www.irenemilito.it\/es\/pan-dulce-navideno-aleman\/\",\"name\":\"Pan dulce navide\u00f1o alem\u00e1n - IreneMilito.it\",\"isPartOf\":{\"@id\":\"https:\/\/www.irenemilito.it\/es\/#website\"},\"primaryImageOfPage\":{\"@id\":\"https:\/\/www.irenemilito.it\/es\/pan-dulce-navideno-aleman\/#primaryimage\"},\"image\":{\"@id\":\"https:\/\/www.irenemilito.it\/es\/pan-dulce-navideno-aleman\/#primaryimage\"},\"thumbnailUrl\":\"https:\/\/www.irenemilito.it\/wp-content\/uploads\/2018\/12\/DSC_0158-1.jpg\",\"datePublished\":\"2018-12-02T11:13:04+00:00\",\"dateModified\":\"2018-12-02T11:13:04+00:00\",\"author\":{\"@id\":\"https:\/\/www.irenemilito.it\/es\/#\/schema\/person\/6b85191f6a3b4eca504346a11bfb5a43\"},\"breadcrumb\":{\"@id\":\"https:\/\/www.irenemilito.it\/es\/pan-dulce-navideno-aleman\/#breadcrumb\"},\"inLanguage\":\"es-ES\",\"potentialAction\":[{\"@type\":\"ReadAction\",\"target\":[\"https:\/\/www.irenemilito.it\/es\/pan-dulce-navideno-aleman\/\"]}]},{\"@type\":\"ImageObject\",\"inLanguage\":\"es-ES\",\"@id\":\"https:\/\/www.irenemilito.it\/es\/pan-dulce-navideno-aleman\/#primaryimage\",\"url\":\"https:\/\/www.irenemilito.it\/wp-content\/uploads\/2018\/12\/DSC_0158-1.jpg\",\"contentUrl\":\"https:\/\/www.irenemilito.it\/wp-content\/uploads\/2018\/12\/DSC_0158-1.jpg\",\"width\":2256,\"height\":1496},{\"@type\":\"BreadcrumbList\",\"@id\":\"https:\/\/www.irenemilito.it\/es\/pan-dulce-navideno-aleman\/#breadcrumb\",\"itemListElement\":[{\"@type\":\"ListItem\",\"position\":1,\"name\":\"Home\",\"item\":\"https:\/\/www.irenemilito.it\/es\/\"},{\"@type\":\"ListItem\",\"position\":2,\"name\":\"Pan dulce navide\u00f1o alem\u00e1n\"}]},{\"@type\":\"WebSite\",\"@id\":\"https:\/\/www.irenemilito.it\/es\/#website\",\"url\":\"https:\/\/www.irenemilito.it\/es\/\",\"name\":\"IreneMilito.it\",\"description\":\"\",\"potentialAction\":[{\"@type\":\"SearchAction\",\"target\":{\"@type\":\"EntryPoint\",\"urlTemplate\":\"https:\/\/www.irenemilito.it\/es\/?s={search_term_string}\"},\"query-input\":{\"@type\":\"PropertyValueSpecification\",\"valueRequired\":true,\"valueName\":\"search_term_string\"}}],\"inLanguage\":\"es-ES\"},{\"@type\":\"Person\",\"@id\":\"https:\/\/www.irenemilito.it\/es\/#\/schema\/person\/6b85191f6a3b4eca504346a11bfb5a43\",\"name\":\"Irene Milito\",\"image\":{\"@type\":\"ImageObject\",\"inLanguage\":\"es-ES\",\"@id\":\"https:\/\/www.irenemilito.it\/es\/#\/schema\/person\/image\/\",\"url\":\"https:\/\/secure.gravatar.com\/avatar\/5eb26e0db05f41e91aa2b9ea92d89581?s=96&d=mm&r=g\",\"contentUrl\":\"https:\/\/secure.gravatar.com\/avatar\/5eb26e0db05f41e91aa2b9ea92d89581?s=96&d=mm&r=g\",\"caption\":\"Irene Milito\"},\"url\":\"https:\/\/www.irenemilito.it\/es\/author\/irene-milito\/\"}]}<\/script>\n<!-- \/ Yoast SEO plugin. -->","yoast_head_json":{"title":"Pan dulce navide\u00f1o alem\u00e1n - IreneMilito.it","robots":{"index":"index","follow":"follow","max-snippet":"max-snippet:-1","max-image-preview":"max-image-preview:large","max-video-preview":"max-video-preview:-1"},"canonical":"https:\/\/www.irenemilito.it\/es\/pan-dulce-navideno-aleman\/","og_locale":"es_ES","og_type":"article","og_title":"Pan dulce navide\u00f1o alem\u00e1n","og_description":"Ingredientes: 7 g de levadura de cerveza en polvo 175 cc de leche tibia 1 huevo grande 90 g de az\u00facar 1 1\/2 cucharadita de sal 90 g de mantequilla 375 g de harina 60 g de uvas pasas 60 g de pasas rubias 60 g de cerezas al marrasquino, cortadas en cuartos 185 g...Read More","og_url":"https:\/\/www.irenemilito.it\/es\/pan-dulce-navideno-aleman\/","og_site_name":"IreneMilito.it","article_published_time":"2018-12-02T11:13:04+00:00","og_image":[{"width":2256,"height":1496,"url":"https:\/\/www.irenemilito.it\/wp-content\/uploads\/2018\/12\/DSC_0158-1.jpg","type":"image\/jpeg"}],"author":"Irene Milito","twitter_card":"summary_large_image","twitter_misc":{"Written by":"Irene Milito","Est. reading time":"2 minutes"},"schema":{"@context":"https:\/\/schema.org","@graph":[{"@type":"WebPage","@id":"https:\/\/www.irenemilito.it\/es\/pan-dulce-navideno-aleman\/","url":"https:\/\/www.irenemilito.it\/es\/pan-dulce-navideno-aleman\/","name":"Pan dulce navide\u00f1o alem\u00e1n - IreneMilito.it","isPartOf":{"@id":"https:\/\/www.irenemilito.it\/es\/#website"},"primaryImageOfPage":{"@id":"https:\/\/www.irenemilito.it\/es\/pan-dulce-navideno-aleman\/#primaryimage"},"image":{"@id":"https:\/\/www.irenemilito.it\/es\/pan-dulce-navideno-aleman\/#primaryimage"},"thumbnailUrl":"https:\/\/www.irenemilito.it\/wp-content\/uploads\/2018\/12\/DSC_0158-1.jpg","datePublished":"2018-12-02T11:13:04+00:00","dateModified":"2018-12-02T11:13:04+00:00","author":{"@id":"https:\/\/www.irenemilito.it\/es\/#\/schema\/person\/6b85191f6a3b4eca504346a11bfb5a43"},"breadcrumb":{"@id":"https:\/\/www.irenemilito.it\/es\/pan-dulce-navideno-aleman\/#breadcrumb"},"inLanguage":"es-ES","potentialAction":[{"@type":"ReadAction","target":["https:\/\/www.irenemilito.it\/es\/pan-dulce-navideno-aleman\/"]}]},{"@type":"ImageObject","inLanguage":"es-ES","@id":"https:\/\/www.irenemilito.it\/es\/pan-dulce-navideno-aleman\/#primaryimage","url":"https:\/\/www.irenemilito.it\/wp-content\/uploads\/2018\/12\/DSC_0158-1.jpg","contentUrl":"https:\/\/www.irenemilito.it\/wp-content\/uploads\/2018\/12\/DSC_0158-1.jpg","width":2256,"height":1496},{"@type":"BreadcrumbList","@id":"https:\/\/www.irenemilito.it\/es\/pan-dulce-navideno-aleman\/#breadcrumb","itemListElement":[{"@type":"ListItem","position":1,"name":"Home","item":"https:\/\/www.irenemilito.it\/es\/"},{"@type":"ListItem","position":2,"name":"Pan dulce navide\u00f1o alem\u00e1n"}]},{"@type":"WebSite","@id":"https:\/\/www.irenemilito.it\/es\/#website","url":"https:\/\/www.irenemilito.it\/es\/","name":"IreneMilito.it","description":"","potentialAction":[{"@type":"SearchAction","target":{"@type":"EntryPoint","urlTemplate":"https:\/\/www.irenemilito.it\/es\/?s={search_term_string}"},"query-input":{"@type":"PropertyValueSpecification","valueRequired":true,"valueName":"search_term_string"}}],"inLanguage":"es-ES"},{"@type":"Person","@id":"https:\/\/www.irenemilito.it\/es\/#\/schema\/person\/6b85191f6a3b4eca504346a11bfb5a43","name":"Irene Milito","image":{"@type":"ImageObject","inLanguage":"es-ES","@id":"https:\/\/www.irenemilito.it\/es\/#\/schema\/person\/image\/","url":"https:\/\/secure.gravatar.com\/avatar\/5eb26e0db05f41e91aa2b9ea92d89581?s=96&d=mm&r=g","contentUrl":"https:\/\/secure.gravatar.com\/avatar\/5eb26e0db05f41e91aa2b9ea92d89581?s=96&d=mm&r=g","caption":"Irene Milito"},"url":"https:\/\/www.irenemilito.it\/es\/author\/irene-milito\/"}]}},"_links":{"self":[{"href":"https:\/\/www.irenemilito.it\/es\/wp-json\/wp\/v2\/posts\/17581"}],"collection":[{"href":"https:\/\/www.irenemilito.it\/es\/wp-json\/wp\/v2\/posts"}],"about":[{"href":"https:\/\/www.irenemilito.it\/es\/wp-json\/wp\/v2\/types\/post"}],"author":[{"embeddable":true,"href":"https:\/\/www.irenemilito.it\/es\/wp-json\/wp\/v2\/users\/3"}],"replies":[{"embeddable":true,"href":"https:\/\/www.irenemilito.it\/es\/wp-json\/wp\/v2\/comments?post=17581"}],"version-history":[{"count":1,"href":"https:\/\/www.irenemilito.it\/es\/wp-json\/wp\/v2\/posts\/17581\/revisions"}],"predecessor-version":[{"id":17583,"href":"https:\/\/www.irenemilito.it\/es\/wp-json\/wp\/v2\/posts\/17581\/revisions\/17583"}],"wp:featuredmedia":[{"embeddable":true,"href":"https:\/\/www.irenemilito.it\/es\/wp-json\/wp\/v2\/media\/17582"}],"wp:attachment":[{"href":"https:\/\/www.irenemilito.it\/es\/wp-json\/wp\/v2\/media?parent=17581"}],"wp:term":[{"taxonomy":"category","embeddable":true,"href":"https:\/\/www.irenemilito.it\/es\/wp-json\/wp\/v2\/categories?post=17581"},{"taxonomy":"post_tag","embeddable":true,"href":"https:\/\/www.irenemilito.it\/es\/wp-json\/wp\/v2\/tags?post=17581"}],"curies":[{"name":"wp","href":"https:\/\/api.w.org\/{rel}","templated":true}]}}