{"id":16164,"date":"2018-10-15T16:51:05","date_gmt":"2018-10-15T14:51:05","guid":{"rendered":"https:\/\/www.irenemilito.it\/?p=16164"},"modified":"2018-10-15T16:51:05","modified_gmt":"2018-10-15T14:51:05","slug":"thermomix-biscuit-de-cafe-y-datiles","status":"publish","type":"post","link":"https:\/\/www.irenemilito.it\/es\/thermomix-biscuit-de-cafe-y-datiles\/","title":{"rendered":"Thermomix: Biscuit de caf\u00e9 y datiles"},"content":{"rendered":"<p><strong>Ingredientes:<\/strong><\/p>\n<ul>\n<li>250 g de d\u00e1tiles sin hueso<\/li>\n<li>100 g de nueces<\/li>\n<li>200 g (2 cubiletes) de az\u00facar<\/li>\n<li>100 g (1 cubilete) de agua<\/li>\n<li>8 yemas de huevo<\/li>\n<li>750 g (7 cubiletes 172) de nata l\u00edquida para montar la Lechera muy fr\u00eda<\/li>\n<li>2 cucharadas de az\u00facar vainillada<\/li>\n<li>1 pellizco de sal<\/li>\n<li>50 g (1\/2 cubilete) de brandy<\/li>\n<li>2 cucharadas de Nescaf\u00e9 disuelto en un poquito de leche<\/li>\n<\/ul>\n<p><b>Preparaci\u00f3n:<\/b><\/p>\n<p class=\"p1\">Ponga la mariposa en las cuchillas. Con el vaso fr\u00edo, monte la nata (que deber\u00e1 estar muy fr\u00eda) con el az\u00facar vainillada. Programe velocidad 3 y est\u00e9 pendiente hasta que monte. Saque y reserve en la nevera. Trocee los d\u00e1tiles y las nueces durante 20 segundos en velocidad 4. Saque y reserve. Sin lavar el vaso, haremos el alm\u00edbar. Ponga el agua y el az\u00facar en el vaso y programe 10 minutos a 100\u00ba en velocidad 2. Deje enfriar un poco. A\u00f1ada las yemas y programe 4 minutos a 70\u00ba en velocidad 4. A continuaci\u00f3n a\u00f1ada el brandy, el Nescaf\u00e9 disuelto y los d\u00e1tiles y las nueces. Mezcle bien todo en velocidad 2. Saque y deje enfriar completamente. Una vez fr\u00edo, a\u00f1ada esta mezcla a la nata montada. M\u00e9zclelo delicadamente, con movimientos envolventes, ayud\u00e1ndose con la esp\u00e1tula, hasta que quede homog\u00e9neo. P\u00f3ngalo en un molde de corona de Tupperware y m\u00e9talo al congelador. Tambi\u00e9n puede cubrir un molde de cake con film transparente, para que desmolde f\u00e1cilmente, y echar la mezcla en \u00e9l. Para servirlo, s\u00e1quelo del congelador un poco antes. Desm\u00f3ldelo y adorne espolvore\u00e1ndolo con fideos de chocolate, con guindas o a su gusto.<\/p>\n<p><strong>Variantes:<\/strong><\/p>\n<p class=\"p1\">Puede hacerlo s\u00f3lo de caf\u00e9, o de caf\u00e9 con nueces, o de frutas escarchadas en trocitos peque\u00f1os (en este \u00faltimo caso suprima el caf\u00e9 y el brandy).<\/p>\n","protected":false},"excerpt":{"rendered":"<p>Ingredientes: 250 g de d\u00e1tiles sin hueso 100 g de nueces 200 g (2 cubiletes) de az\u00facar 100 g (1 cubilete) de agua 8 yemas de huevo 750 g (7 cubiletes 172) de nata l\u00edquida para montar la Lechera muy fr\u00eda 2 cucharadas de az\u00facar vainillada 1 pellizco de sal 50 g (1\/2 cubilete) de&#8230;<\/p>\n<div class=\" [&hellip;]\"><a href=\"https:\/\/www.irenemilito.it\/es\/thermomix-biscuit-de-cafe-y-datiles\/\">Read More<\/a><\/div>\n","protected":false},"author":3,"featured_media":16165,"comment_status":"open","ping_status":"open","sticky":false,"template":"","format":"standard","meta":{"_acf_changed":false,"_bbp_topic_count":0,"_bbp_reply_count":0,"_bbp_total_topic_count":0,"_bbp_total_reply_count":0,"_bbp_voice_count":0,"_bbp_anonymous_reply_count":0,"_bbp_topic_count_hidden":0,"_bbp_reply_count_hidden":0,"_bbp_forum_subforum_count":0,"footnotes":""},"categories":[6574],"tags":[3368,7877,4972,5037,9379,7815,2985,9315,9378,3852],"class_list":["post-16164","post","type-post","status-publish","format-standard","has-post-thumbnail","hentry","category-thermomix","tag-brandy","tag-recetas-con-el-cafe","tag-recetas-con-el-licor","tag-recetas-con-la-fruta-seca","tag-recetas-con-los-datiles","tag-recetas-de-biscuit","tag-recetas-dulces","tag-recetas-para-thermomix","tag-thermomix-biscuit-de-cafe-y-datiles","tag-yemas-de-huevo"],"acf":[],"yoast_head":"<!-- This site is optimized with the Yoast SEO plugin v23.4 - https:\/\/yoast.com\/wordpress\/plugins\/seo\/ -->\n<title>Thermomix: Biscuit de caf\u00e9 y datiles - IreneMilito.it<\/title>\n<meta name=\"robots\" content=\"index, follow, max-snippet:-1, max-image-preview:large, max-video-preview:-1\" \/>\n<link rel=\"canonical\" href=\"https:\/\/www.irenemilito.it\/es\/thermomix-biscuit-de-cafe-y-datiles\/\" \/>\n<meta property=\"og:locale\" content=\"es_ES\" \/>\n<meta property=\"og:type\" content=\"article\" \/>\n<meta property=\"og:title\" content=\"Thermomix: Biscuit de caf\u00e9 y datiles\" \/>\n<meta property=\"og:description\" content=\"Ingredientes: 250 g de d\u00e1tiles sin hueso 100 g de nueces 200 g (2 cubiletes) de az\u00facar 100 g (1 cubilete) de agua 8 yemas de huevo 750 g (7 cubiletes 172) de nata l\u00edquida para montar la Lechera muy fr\u00eda 2 cucharadas de az\u00facar vainillada 1 pellizco de sal 50 g (1\/2 cubilete) de...Read More\" \/>\n<meta property=\"og:url\" content=\"https:\/\/www.irenemilito.it\/es\/thermomix-biscuit-de-cafe-y-datiles\/\" \/>\n<meta property=\"og:site_name\" content=\"IreneMilito.it\" \/>\n<meta property=\"article:published_time\" content=\"2018-10-15T14:51:05+00:00\" \/>\n<meta property=\"og:image\" content=\"https:\/\/www.irenemilito.it\/wp-content\/uploads\/2018\/10\/afd56fdab47759819aa1ff636a7454c9.jpg\" \/>\n\t<meta property=\"og:image:width\" content=\"1024\" \/>\n\t<meta property=\"og:image:height\" content=\"682\" \/>\n\t<meta property=\"og:image:type\" content=\"image\/jpeg\" \/>\n<meta name=\"author\" content=\"Irene Milito\" \/>\n<meta name=\"twitter:card\" content=\"summary_large_image\" \/>\n<meta name=\"twitter:label1\" content=\"Written by\" \/>\n\t<meta name=\"twitter:data1\" content=\"Irene Milito\" \/>\n\t<meta name=\"twitter:label2\" content=\"Est. reading time\" \/>\n\t<meta name=\"twitter:data2\" content=\"1 minute\" \/>\n<script type=\"application\/ld+json\" class=\"yoast-schema-graph\">{\"@context\":\"https:\/\/schema.org\",\"@graph\":[{\"@type\":\"WebPage\",\"@id\":\"https:\/\/www.irenemilito.it\/es\/thermomix-biscuit-de-cafe-y-datiles\/\",\"url\":\"https:\/\/www.irenemilito.it\/es\/thermomix-biscuit-de-cafe-y-datiles\/\",\"name\":\"Thermomix: Biscuit de caf\u00e9 y datiles - IreneMilito.it\",\"isPartOf\":{\"@id\":\"https:\/\/www.irenemilito.it\/es\/#website\"},\"primaryImageOfPage\":{\"@id\":\"https:\/\/www.irenemilito.it\/es\/thermomix-biscuit-de-cafe-y-datiles\/#primaryimage\"},\"image\":{\"@id\":\"https:\/\/www.irenemilito.it\/es\/thermomix-biscuit-de-cafe-y-datiles\/#primaryimage\"},\"thumbnailUrl\":\"https:\/\/www.irenemilito.it\/wp-content\/uploads\/2018\/10\/afd56fdab47759819aa1ff636a7454c9.jpg\",\"datePublished\":\"2018-10-15T14:51:05+00:00\",\"dateModified\":\"2018-10-15T14:51:05+00:00\",\"author\":{\"@id\":\"https:\/\/www.irenemilito.it\/es\/#\/schema\/person\/6b85191f6a3b4eca504346a11bfb5a43\"},\"breadcrumb\":{\"@id\":\"https:\/\/www.irenemilito.it\/es\/thermomix-biscuit-de-cafe-y-datiles\/#breadcrumb\"},\"inLanguage\":\"es-ES\",\"potentialAction\":[{\"@type\":\"ReadAction\",\"target\":[\"https:\/\/www.irenemilito.it\/es\/thermomix-biscuit-de-cafe-y-datiles\/\"]}]},{\"@type\":\"ImageObject\",\"inLanguage\":\"es-ES\",\"@id\":\"https:\/\/www.irenemilito.it\/es\/thermomix-biscuit-de-cafe-y-datiles\/#primaryimage\",\"url\":\"https:\/\/www.irenemilito.it\/wp-content\/uploads\/2018\/10\/afd56fdab47759819aa1ff636a7454c9.jpg\",\"contentUrl\":\"https:\/\/www.irenemilito.it\/wp-content\/uploads\/2018\/10\/afd56fdab47759819aa1ff636a7454c9.jpg\",\"width\":1024,\"height\":682},{\"@type\":\"BreadcrumbList\",\"@id\":\"https:\/\/www.irenemilito.it\/es\/thermomix-biscuit-de-cafe-y-datiles\/#breadcrumb\",\"itemListElement\":[{\"@type\":\"ListItem\",\"position\":1,\"name\":\"Home\",\"item\":\"https:\/\/www.irenemilito.it\/es\/\"},{\"@type\":\"ListItem\",\"position\":2,\"name\":\"Thermomix: Biscuit de caf\u00e9 y datiles\"}]},{\"@type\":\"WebSite\",\"@id\":\"https:\/\/www.irenemilito.it\/es\/#website\",\"url\":\"https:\/\/www.irenemilito.it\/es\/\",\"name\":\"IreneMilito.it\",\"description\":\"\",\"potentialAction\":[{\"@type\":\"SearchAction\",\"target\":{\"@type\":\"EntryPoint\",\"urlTemplate\":\"https:\/\/www.irenemilito.it\/es\/?s={search_term_string}\"},\"query-input\":{\"@type\":\"PropertyValueSpecification\",\"valueRequired\":true,\"valueName\":\"search_term_string\"}}],\"inLanguage\":\"es-ES\"},{\"@type\":\"Person\",\"@id\":\"https:\/\/www.irenemilito.it\/es\/#\/schema\/person\/6b85191f6a3b4eca504346a11bfb5a43\",\"name\":\"Irene Milito\",\"image\":{\"@type\":\"ImageObject\",\"inLanguage\":\"es-ES\",\"@id\":\"https:\/\/www.irenemilito.it\/es\/#\/schema\/person\/image\/\",\"url\":\"https:\/\/secure.gravatar.com\/avatar\/5eb26e0db05f41e91aa2b9ea92d89581?s=96&d=mm&r=g\",\"contentUrl\":\"https:\/\/secure.gravatar.com\/avatar\/5eb26e0db05f41e91aa2b9ea92d89581?s=96&d=mm&r=g\",\"caption\":\"Irene Milito\"},\"url\":\"https:\/\/www.irenemilito.it\/es\/author\/irene-milito\/\"}]}<\/script>\n<!-- \/ Yoast SEO plugin. -->","yoast_head_json":{"title":"Thermomix: Biscuit de caf\u00e9 y datiles - IreneMilito.it","robots":{"index":"index","follow":"follow","max-snippet":"max-snippet:-1","max-image-preview":"max-image-preview:large","max-video-preview":"max-video-preview:-1"},"canonical":"https:\/\/www.irenemilito.it\/es\/thermomix-biscuit-de-cafe-y-datiles\/","og_locale":"es_ES","og_type":"article","og_title":"Thermomix: Biscuit de caf\u00e9 y datiles","og_description":"Ingredientes: 250 g de d\u00e1tiles sin hueso 100 g de nueces 200 g (2 cubiletes) de az\u00facar 100 g (1 cubilete) de agua 8 yemas de huevo 750 g (7 cubiletes 172) de nata l\u00edquida para montar la Lechera muy fr\u00eda 2 cucharadas de az\u00facar vainillada 1 pellizco de sal 50 g (1\/2 cubilete) de...Read More","og_url":"https:\/\/www.irenemilito.it\/es\/thermomix-biscuit-de-cafe-y-datiles\/","og_site_name":"IreneMilito.it","article_published_time":"2018-10-15T14:51:05+00:00","og_image":[{"width":1024,"height":682,"url":"https:\/\/www.irenemilito.it\/wp-content\/uploads\/2018\/10\/afd56fdab47759819aa1ff636a7454c9.jpg","type":"image\/jpeg"}],"author":"Irene Milito","twitter_card":"summary_large_image","twitter_misc":{"Written by":"Irene Milito","Est. reading time":"1 minute"},"schema":{"@context":"https:\/\/schema.org","@graph":[{"@type":"WebPage","@id":"https:\/\/www.irenemilito.it\/es\/thermomix-biscuit-de-cafe-y-datiles\/","url":"https:\/\/www.irenemilito.it\/es\/thermomix-biscuit-de-cafe-y-datiles\/","name":"Thermomix: Biscuit de caf\u00e9 y datiles - IreneMilito.it","isPartOf":{"@id":"https:\/\/www.irenemilito.it\/es\/#website"},"primaryImageOfPage":{"@id":"https:\/\/www.irenemilito.it\/es\/thermomix-biscuit-de-cafe-y-datiles\/#primaryimage"},"image":{"@id":"https:\/\/www.irenemilito.it\/es\/thermomix-biscuit-de-cafe-y-datiles\/#primaryimage"},"thumbnailUrl":"https:\/\/www.irenemilito.it\/wp-content\/uploads\/2018\/10\/afd56fdab47759819aa1ff636a7454c9.jpg","datePublished":"2018-10-15T14:51:05+00:00","dateModified":"2018-10-15T14:51:05+00:00","author":{"@id":"https:\/\/www.irenemilito.it\/es\/#\/schema\/person\/6b85191f6a3b4eca504346a11bfb5a43"},"breadcrumb":{"@id":"https:\/\/www.irenemilito.it\/es\/thermomix-biscuit-de-cafe-y-datiles\/#breadcrumb"},"inLanguage":"es-ES","potentialAction":[{"@type":"ReadAction","target":["https:\/\/www.irenemilito.it\/es\/thermomix-biscuit-de-cafe-y-datiles\/"]}]},{"@type":"ImageObject","inLanguage":"es-ES","@id":"https:\/\/www.irenemilito.it\/es\/thermomix-biscuit-de-cafe-y-datiles\/#primaryimage","url":"https:\/\/www.irenemilito.it\/wp-content\/uploads\/2018\/10\/afd56fdab47759819aa1ff636a7454c9.jpg","contentUrl":"https:\/\/www.irenemilito.it\/wp-content\/uploads\/2018\/10\/afd56fdab47759819aa1ff636a7454c9.jpg","width":1024,"height":682},{"@type":"BreadcrumbList","@id":"https:\/\/www.irenemilito.it\/es\/thermomix-biscuit-de-cafe-y-datiles\/#breadcrumb","itemListElement":[{"@type":"ListItem","position":1,"name":"Home","item":"https:\/\/www.irenemilito.it\/es\/"},{"@type":"ListItem","position":2,"name":"Thermomix: Biscuit de caf\u00e9 y datiles"}]},{"@type":"WebSite","@id":"https:\/\/www.irenemilito.it\/es\/#website","url":"https:\/\/www.irenemilito.it\/es\/","name":"IreneMilito.it","description":"","potentialAction":[{"@type":"SearchAction","target":{"@type":"EntryPoint","urlTemplate":"https:\/\/www.irenemilito.it\/es\/?s={search_term_string}"},"query-input":{"@type":"PropertyValueSpecification","valueRequired":true,"valueName":"search_term_string"}}],"inLanguage":"es-ES"},{"@type":"Person","@id":"https:\/\/www.irenemilito.it\/es\/#\/schema\/person\/6b85191f6a3b4eca504346a11bfb5a43","name":"Irene Milito","image":{"@type":"ImageObject","inLanguage":"es-ES","@id":"https:\/\/www.irenemilito.it\/es\/#\/schema\/person\/image\/","url":"https:\/\/secure.gravatar.com\/avatar\/5eb26e0db05f41e91aa2b9ea92d89581?s=96&d=mm&r=g","contentUrl":"https:\/\/secure.gravatar.com\/avatar\/5eb26e0db05f41e91aa2b9ea92d89581?s=96&d=mm&r=g","caption":"Irene Milito"},"url":"https:\/\/www.irenemilito.it\/es\/author\/irene-milito\/"}]}},"_links":{"self":[{"href":"https:\/\/www.irenemilito.it\/es\/wp-json\/wp\/v2\/posts\/16164"}],"collection":[{"href":"https:\/\/www.irenemilito.it\/es\/wp-json\/wp\/v2\/posts"}],"about":[{"href":"https:\/\/www.irenemilito.it\/es\/wp-json\/wp\/v2\/types\/post"}],"author":[{"embeddable":true,"href":"https:\/\/www.irenemilito.it\/es\/wp-json\/wp\/v2\/users\/3"}],"replies":[{"embeddable":true,"href":"https:\/\/www.irenemilito.it\/es\/wp-json\/wp\/v2\/comments?post=16164"}],"version-history":[{"count":1,"href":"https:\/\/www.irenemilito.it\/es\/wp-json\/wp\/v2\/posts\/16164\/revisions"}],"predecessor-version":[{"id":16167,"href":"https:\/\/www.irenemilito.it\/es\/wp-json\/wp\/v2\/posts\/16164\/revisions\/16167"}],"wp:featuredmedia":[{"embeddable":true,"href":"https:\/\/www.irenemilito.it\/es\/wp-json\/wp\/v2\/media\/16165"}],"wp:attachment":[{"href":"https:\/\/www.irenemilito.it\/es\/wp-json\/wp\/v2\/media?parent=16164"}],"wp:term":[{"taxonomy":"category","embeddable":true,"href":"https:\/\/www.irenemilito.it\/es\/wp-json\/wp\/v2\/categories?post=16164"},{"taxonomy":"post_tag","embeddable":true,"href":"https:\/\/www.irenemilito.it\/es\/wp-json\/wp\/v2\/tags?post=16164"}],"curies":[{"name":"wp","href":"https:\/\/api.w.org\/{rel}","templated":true}]}}