{"id":12673,"date":"2018-02-26T17:15:18","date_gmt":"2018-02-26T16:15:18","guid":{"rendered":"https:\/\/www.irenemilito.it\/?p=12673"},"modified":"2018-02-26T17:15:18","modified_gmt":"2018-02-26T16:15:18","slug":"tarta-glaseada-de-ricota-y-pasas","status":"publish","type":"post","link":"https:\/\/www.irenemilito.it\/es\/tarta-glaseada-de-ricota-y-pasas\/","title":{"rendered":"Tarta glaseada de ricota y pasas"},"content":{"rendered":"<p>Anadir ricota en lugar de otro queso m\u00e1s graso transformar\u00e1 esta tarta en una delicia m\u00e1s ligera, per igual de cremosa y suave. Su dulce cobertura de glaseado la convierte en un postre perfecto para cualquier ocasi\u00f3n.<\/p>\n<p><strong>Porciones:\u00a0<\/strong>8 porciones<\/p>\n<p><b>Preparaci\u00f3n:\u00a0<\/b>30 minutos<\/p>\n<p><b>Cocci\u00f3n:\u00a0<\/b>45 minutos<\/p>\n<p><strong>Enfriado:\u00a0<\/strong>2-3 horas<\/p>\n<p><strong>Reposo:\u00a0<\/strong>Varias horas<\/p>\n<p><strong>Temperatura del horno:\u00a0<\/strong>180\u00b0C (gas 4)<\/p>\n<p><strong>Ingredientes para la base:<\/strong><\/p>\n<ul>\n<li>65 g de mantequilla fundida<\/li>\n<li>150 g de galletas tipo digestivo desmenuzadas<\/li>\n<\/ul>\n<p><strong>Ingredientes para la cobertura:<\/strong><\/p>\n<ul>\n<li>500 g de ricota<\/li>\n<li>200 g de cr\u00e8me fra\u00eeche (crema fresca) semidesnatada<\/li>\n<li>4 huevos<\/li>\n<li>1 1\/2 cucharadas de harina<\/li>\n<li>175 g de az\u00facar extrafino<\/li>\n<li>1 cucharadita de extracto de vainilla<\/li>\n<li>50 g de pasas sultanas<\/li>\n<li>50 g de uvas pasas<\/li>\n<\/ul>\n<p><strong>Ingredientes para la\u00a0<\/strong><b>decoraci\u00f3n:<\/b><\/p>\n<ul>\n<li>175 g de az\u00facar glas<\/li>\n<li>Flores frescas opcional<\/li>\n<\/ul>\n<p><strong>Utensilios:<\/strong><\/p>\n<ul>\n<li>Molde hondo de silicona de 20,5 cm de di\u00e1metro, bandeja de horno<\/li>\n<\/ul>\n<h2>Paso 1<\/h2>\n<p>Para preparar la base, precalentar el horno a 180\u00b0C (gas 4). Mezclar bien la mantequilla fundida con las galletas desmenuzadas. Poner el molde en una bandeja de horno y cubrir la base con la mezcla de galletas con mantequilla. Hornear durante 5 minutos y retirar para que se enfr\u00ede.<\/p>\n<h2>Paso 2<\/h2>\n<p>Para preparar la cobertura se puede usar una batidora el\u00e9ctrica o un robot de cocina. Batir juntos la ricota, la crema fresca, los huevos, la harina, el az\u00facar y la vainilla hasta obtener una mezcla homog\u00e9nea. Agregar las pasas sultanas y las uvas pasas, y extender la preparaci\u00f3n sobre la base de la tarta. Hornear durante 40 minutos o hasta que la tarta est\u00e9 hecha por los bordes, aunque el centro est\u00e9 todav\u00eda poco firme. Dejarla enfriar en el horno, ya apagado y con la puerta cerrada, y luego guardar\u00eda en el frigor\u00edfico durante unas horas, hasta que adquiera consistencia.<\/p>\n<h2>Paso 3<\/h2>\n<p>Desmoldar la tarta, usando un cuchillo de punta redondeada para despegarla de los bordes y, a continuaci\u00f3n, colocar una bandeja sobre el molde para dar la vuelta a la tarta con cuidado. Luego, darle otra vuelta sobre una bandeja para servirla con las galletas como base. Para preparar la decoraci\u00f3n, anadir suficiente agua fr\u00eda el az\u00facar glas para obtener un glaseado liso y espeso con el que se rociar\u00e1 la tarta. Dejarla reposar. Si se elabora la tarta para alguna ocasi\u00f3n especial se puede decorar con unas flores frescas.<\/p>\n<h2>Consejo<\/h2>\n<p>Dejar enfriar la tarta de queso en el interior del horno evita que la superficie se agriete aunque, si esto sucede, tampoco hay que preocuparse, ya que las imperfecciones se pueden disimular con la cobertura. Es importante dejarla enfriar por completo antes de desmoldarla para que adquiera consistencia y no se rompa.<\/p>\n","protected":false},"excerpt":{"rendered":"<p>Anadir ricota en lugar de otro queso m\u00e1s graso transformar\u00e1 esta tarta en una delicia m\u00e1s ligera, per igual de cremosa y suave. Su dulce cobertura de glaseado la convierte en un postre perfecto para cualquier ocasi\u00f3n. Porciones:\u00a08 porciones Preparaci\u00f3n:\u00a030 minutos Cocci\u00f3n:\u00a045 minutos Enfriado:\u00a02-3 horas Reposo:\u00a0Varias horas Temperatura del horno:\u00a0180\u00b0C (gas 4) Ingredientes para la&#8230;<\/p>\n<div class=\" [&hellip;]\"><a href=\"https:\/\/www.irenemilito.it\/es\/tarta-glaseada-de-ricota-y-pasas\/\">Read More<\/a><\/div>\n","protected":false},"author":3,"featured_media":12674,"comment_status":"open","ping_status":"open","sticky":false,"template":"","format":"standard","meta":{"_acf_changed":false,"_bbp_topic_count":0,"_bbp_reply_count":0,"_bbp_total_topic_count":0,"_bbp_total_reply_count":0,"_bbp_voice_count":0,"_bbp_anonymous_reply_count":0,"_bbp_topic_count_hidden":0,"_bbp_reply_count_hidden":0,"_bbp_forum_subforum_count":0,"footnotes":""},"categories":[3800],"tags":[5330,5037,6410,6390,5240,2958,6409,2986,2985,4408,6408,4601],"class_list":["post-12673","post","type-post","status-publish","format-standard","has-post-thumbnail","hentry","category-recetas","tag-recetas-con-la-cobertura","tag-recetas-con-la-fruta-seca","tag-recetas-con-la-ricota","tag-recetas-con-las-decoraciones","tag-recetas-con-las-pasas","tag-recetas-con-queso-italiano","tag-recetas-de-tarta-glaseada","tag-recetas-de-tartas","tag-recetas-dulces","tag-ricota","tag-tarta-glaseada-de-ricota-y-pasas","tag-uvas-pasas"],"acf":[],"yoast_head":"<!-- This site is optimized with the Yoast SEO plugin v23.4 - https:\/\/yoast.com\/wordpress\/plugins\/seo\/ -->\n<title>Tarta glaseada de ricota y pasas - IreneMilito.it<\/title>\n<meta name=\"robots\" content=\"index, follow, max-snippet:-1, max-image-preview:large, max-video-preview:-1\" \/>\n<link rel=\"canonical\" href=\"https:\/\/www.irenemilito.it\/es\/tarta-glaseada-de-ricota-y-pasas\/\" \/>\n<meta property=\"og:locale\" content=\"es_ES\" \/>\n<meta property=\"og:type\" content=\"article\" \/>\n<meta property=\"og:title\" content=\"Tarta glaseada de ricota y pasas\" \/>\n<meta property=\"og:description\" content=\"Anadir ricota en lugar de otro queso m\u00e1s graso transformar\u00e1 esta tarta en una delicia m\u00e1s ligera, per igual de cremosa y suave. Su dulce cobertura de glaseado la convierte en un postre perfecto para cualquier ocasi\u00f3n. Porciones:\u00a08 porciones Preparaci\u00f3n:\u00a030 minutos Cocci\u00f3n:\u00a045 minutos Enfriado:\u00a02-3 horas Reposo:\u00a0Varias horas Temperatura del horno:\u00a0180\u00b0C (gas 4) Ingredientes para la...Read More\" \/>\n<meta property=\"og:url\" content=\"https:\/\/www.irenemilito.it\/es\/tarta-glaseada-de-ricota-y-pasas\/\" \/>\n<meta property=\"og:site_name\" content=\"IreneMilito.it\" \/>\n<meta property=\"article:published_time\" content=\"2018-02-26T16:15:18+00:00\" \/>\n<meta property=\"og:image\" content=\"https:\/\/www.irenemilito.it\/wp-content\/uploads\/2018\/02\/rum-sultana-pound-cake-with-lime-glaze-90316-1.jpg\" \/>\n\t<meta property=\"og:image:width\" content=\"1433\" \/>\n\t<meta property=\"og:image:height\" content=\"956\" \/>\n\t<meta property=\"og:image:type\" content=\"image\/jpeg\" \/>\n<meta name=\"author\" content=\"Irene Milito\" \/>\n<meta name=\"twitter:card\" content=\"summary_large_image\" \/>\n<meta name=\"twitter:label1\" content=\"Written by\" \/>\n\t<meta name=\"twitter:data1\" content=\"Irene Milito\" \/>\n\t<meta name=\"twitter:label2\" content=\"Est. reading time\" \/>\n\t<meta name=\"twitter:data2\" content=\"2 minutes\" \/>\n<script type=\"application\/ld+json\" class=\"yoast-schema-graph\">{\"@context\":\"https:\/\/schema.org\",\"@graph\":[{\"@type\":\"WebPage\",\"@id\":\"https:\/\/www.irenemilito.it\/es\/tarta-glaseada-de-ricota-y-pasas\/\",\"url\":\"https:\/\/www.irenemilito.it\/es\/tarta-glaseada-de-ricota-y-pasas\/\",\"name\":\"Tarta glaseada de ricota y pasas - IreneMilito.it\",\"isPartOf\":{\"@id\":\"https:\/\/www.irenemilito.it\/es\/#website\"},\"primaryImageOfPage\":{\"@id\":\"https:\/\/www.irenemilito.it\/es\/tarta-glaseada-de-ricota-y-pasas\/#primaryimage\"},\"image\":{\"@id\":\"https:\/\/www.irenemilito.it\/es\/tarta-glaseada-de-ricota-y-pasas\/#primaryimage\"},\"thumbnailUrl\":\"https:\/\/www.irenemilito.it\/wp-content\/uploads\/2018\/02\/rum-sultana-pound-cake-with-lime-glaze-90316-1.jpg\",\"datePublished\":\"2018-02-26T16:15:18+00:00\",\"dateModified\":\"2018-02-26T16:15:18+00:00\",\"author\":{\"@id\":\"https:\/\/www.irenemilito.it\/es\/#\/schema\/person\/6b85191f6a3b4eca504346a11bfb5a43\"},\"breadcrumb\":{\"@id\":\"https:\/\/www.irenemilito.it\/es\/tarta-glaseada-de-ricota-y-pasas\/#breadcrumb\"},\"inLanguage\":\"es-ES\",\"potentialAction\":[{\"@type\":\"ReadAction\",\"target\":[\"https:\/\/www.irenemilito.it\/es\/tarta-glaseada-de-ricota-y-pasas\/\"]}]},{\"@type\":\"ImageObject\",\"inLanguage\":\"es-ES\",\"@id\":\"https:\/\/www.irenemilito.it\/es\/tarta-glaseada-de-ricota-y-pasas\/#primaryimage\",\"url\":\"https:\/\/www.irenemilito.it\/wp-content\/uploads\/2018\/02\/rum-sultana-pound-cake-with-lime-glaze-90316-1.jpg\",\"contentUrl\":\"https:\/\/www.irenemilito.it\/wp-content\/uploads\/2018\/02\/rum-sultana-pound-cake-with-lime-glaze-90316-1.jpg\",\"width\":1433,\"height\":956},{\"@type\":\"BreadcrumbList\",\"@id\":\"https:\/\/www.irenemilito.it\/es\/tarta-glaseada-de-ricota-y-pasas\/#breadcrumb\",\"itemListElement\":[{\"@type\":\"ListItem\",\"position\":1,\"name\":\"Home\",\"item\":\"https:\/\/www.irenemilito.it\/es\/\"},{\"@type\":\"ListItem\",\"position\":2,\"name\":\"Tarta glaseada de ricota y pasas\"}]},{\"@type\":\"WebSite\",\"@id\":\"https:\/\/www.irenemilito.it\/es\/#website\",\"url\":\"https:\/\/www.irenemilito.it\/es\/\",\"name\":\"IreneMilito.it\",\"description\":\"\",\"potentialAction\":[{\"@type\":\"SearchAction\",\"target\":{\"@type\":\"EntryPoint\",\"urlTemplate\":\"https:\/\/www.irenemilito.it\/es\/?s={search_term_string}\"},\"query-input\":{\"@type\":\"PropertyValueSpecification\",\"valueRequired\":true,\"valueName\":\"search_term_string\"}}],\"inLanguage\":\"es-ES\"},{\"@type\":\"Person\",\"@id\":\"https:\/\/www.irenemilito.it\/es\/#\/schema\/person\/6b85191f6a3b4eca504346a11bfb5a43\",\"name\":\"Irene Milito\",\"image\":{\"@type\":\"ImageObject\",\"inLanguage\":\"es-ES\",\"@id\":\"https:\/\/www.irenemilito.it\/es\/#\/schema\/person\/image\/\",\"url\":\"https:\/\/secure.gravatar.com\/avatar\/5eb26e0db05f41e91aa2b9ea92d89581?s=96&d=mm&r=g\",\"contentUrl\":\"https:\/\/secure.gravatar.com\/avatar\/5eb26e0db05f41e91aa2b9ea92d89581?s=96&d=mm&r=g\",\"caption\":\"Irene Milito\"},\"url\":\"https:\/\/www.irenemilito.it\/es\/author\/irene-milito\/\"}]}<\/script>\n<!-- \/ Yoast SEO plugin. -->","yoast_head_json":{"title":"Tarta glaseada de ricota y pasas - IreneMilito.it","robots":{"index":"index","follow":"follow","max-snippet":"max-snippet:-1","max-image-preview":"max-image-preview:large","max-video-preview":"max-video-preview:-1"},"canonical":"https:\/\/www.irenemilito.it\/es\/tarta-glaseada-de-ricota-y-pasas\/","og_locale":"es_ES","og_type":"article","og_title":"Tarta glaseada de ricota y pasas","og_description":"Anadir ricota en lugar de otro queso m\u00e1s graso transformar\u00e1 esta tarta en una delicia m\u00e1s ligera, per igual de cremosa y suave. Su dulce cobertura de glaseado la convierte en un postre perfecto para cualquier ocasi\u00f3n. Porciones:\u00a08 porciones Preparaci\u00f3n:\u00a030 minutos Cocci\u00f3n:\u00a045 minutos Enfriado:\u00a02-3 horas Reposo:\u00a0Varias horas Temperatura del horno:\u00a0180\u00b0C (gas 4) Ingredientes para la...Read More","og_url":"https:\/\/www.irenemilito.it\/es\/tarta-glaseada-de-ricota-y-pasas\/","og_site_name":"IreneMilito.it","article_published_time":"2018-02-26T16:15:18+00:00","og_image":[{"width":1433,"height":956,"url":"https:\/\/www.irenemilito.it\/wp-content\/uploads\/2018\/02\/rum-sultana-pound-cake-with-lime-glaze-90316-1.jpg","type":"image\/jpeg"}],"author":"Irene Milito","twitter_card":"summary_large_image","twitter_misc":{"Written by":"Irene Milito","Est. reading time":"2 minutes"},"schema":{"@context":"https:\/\/schema.org","@graph":[{"@type":"WebPage","@id":"https:\/\/www.irenemilito.it\/es\/tarta-glaseada-de-ricota-y-pasas\/","url":"https:\/\/www.irenemilito.it\/es\/tarta-glaseada-de-ricota-y-pasas\/","name":"Tarta glaseada de ricota y pasas - IreneMilito.it","isPartOf":{"@id":"https:\/\/www.irenemilito.it\/es\/#website"},"primaryImageOfPage":{"@id":"https:\/\/www.irenemilito.it\/es\/tarta-glaseada-de-ricota-y-pasas\/#primaryimage"},"image":{"@id":"https:\/\/www.irenemilito.it\/es\/tarta-glaseada-de-ricota-y-pasas\/#primaryimage"},"thumbnailUrl":"https:\/\/www.irenemilito.it\/wp-content\/uploads\/2018\/02\/rum-sultana-pound-cake-with-lime-glaze-90316-1.jpg","datePublished":"2018-02-26T16:15:18+00:00","dateModified":"2018-02-26T16:15:18+00:00","author":{"@id":"https:\/\/www.irenemilito.it\/es\/#\/schema\/person\/6b85191f6a3b4eca504346a11bfb5a43"},"breadcrumb":{"@id":"https:\/\/www.irenemilito.it\/es\/tarta-glaseada-de-ricota-y-pasas\/#breadcrumb"},"inLanguage":"es-ES","potentialAction":[{"@type":"ReadAction","target":["https:\/\/www.irenemilito.it\/es\/tarta-glaseada-de-ricota-y-pasas\/"]}]},{"@type":"ImageObject","inLanguage":"es-ES","@id":"https:\/\/www.irenemilito.it\/es\/tarta-glaseada-de-ricota-y-pasas\/#primaryimage","url":"https:\/\/www.irenemilito.it\/wp-content\/uploads\/2018\/02\/rum-sultana-pound-cake-with-lime-glaze-90316-1.jpg","contentUrl":"https:\/\/www.irenemilito.it\/wp-content\/uploads\/2018\/02\/rum-sultana-pound-cake-with-lime-glaze-90316-1.jpg","width":1433,"height":956},{"@type":"BreadcrumbList","@id":"https:\/\/www.irenemilito.it\/es\/tarta-glaseada-de-ricota-y-pasas\/#breadcrumb","itemListElement":[{"@type":"ListItem","position":1,"name":"Home","item":"https:\/\/www.irenemilito.it\/es\/"},{"@type":"ListItem","position":2,"name":"Tarta glaseada de ricota y pasas"}]},{"@type":"WebSite","@id":"https:\/\/www.irenemilito.it\/es\/#website","url":"https:\/\/www.irenemilito.it\/es\/","name":"IreneMilito.it","description":"","potentialAction":[{"@type":"SearchAction","target":{"@type":"EntryPoint","urlTemplate":"https:\/\/www.irenemilito.it\/es\/?s={search_term_string}"},"query-input":{"@type":"PropertyValueSpecification","valueRequired":true,"valueName":"search_term_string"}}],"inLanguage":"es-ES"},{"@type":"Person","@id":"https:\/\/www.irenemilito.it\/es\/#\/schema\/person\/6b85191f6a3b4eca504346a11bfb5a43","name":"Irene Milito","image":{"@type":"ImageObject","inLanguage":"es-ES","@id":"https:\/\/www.irenemilito.it\/es\/#\/schema\/person\/image\/","url":"https:\/\/secure.gravatar.com\/avatar\/5eb26e0db05f41e91aa2b9ea92d89581?s=96&d=mm&r=g","contentUrl":"https:\/\/secure.gravatar.com\/avatar\/5eb26e0db05f41e91aa2b9ea92d89581?s=96&d=mm&r=g","caption":"Irene Milito"},"url":"https:\/\/www.irenemilito.it\/es\/author\/irene-milito\/"}]}},"_links":{"self":[{"href":"https:\/\/www.irenemilito.it\/es\/wp-json\/wp\/v2\/posts\/12673"}],"collection":[{"href":"https:\/\/www.irenemilito.it\/es\/wp-json\/wp\/v2\/posts"}],"about":[{"href":"https:\/\/www.irenemilito.it\/es\/wp-json\/wp\/v2\/types\/post"}],"author":[{"embeddable":true,"href":"https:\/\/www.irenemilito.it\/es\/wp-json\/wp\/v2\/users\/3"}],"replies":[{"embeddable":true,"href":"https:\/\/www.irenemilito.it\/es\/wp-json\/wp\/v2\/comments?post=12673"}],"version-history":[{"count":1,"href":"https:\/\/www.irenemilito.it\/es\/wp-json\/wp\/v2\/posts\/12673\/revisions"}],"predecessor-version":[{"id":12675,"href":"https:\/\/www.irenemilito.it\/es\/wp-json\/wp\/v2\/posts\/12673\/revisions\/12675"}],"wp:featuredmedia":[{"embeddable":true,"href":"https:\/\/www.irenemilito.it\/es\/wp-json\/wp\/v2\/media\/12674"}],"wp:attachment":[{"href":"https:\/\/www.irenemilito.it\/es\/wp-json\/wp\/v2\/media?parent=12673"}],"wp:term":[{"taxonomy":"category","embeddable":true,"href":"https:\/\/www.irenemilito.it\/es\/wp-json\/wp\/v2\/categories?post=12673"},{"taxonomy":"post_tag","embeddable":true,"href":"https:\/\/www.irenemilito.it\/es\/wp-json\/wp\/v2\/tags?post=12673"}],"curies":[{"name":"wp","href":"https:\/\/api.w.org\/{rel}","templated":true}]}}