{"id":10469,"date":"2017-01-11T00:00:00","date_gmt":"2017-01-10T23:00:00","guid":{"rendered":"https:\/\/www.irenemilito.it\/delicadas-de-almendras-y-cerezas\/"},"modified":"2018-01-15T10:36:00","modified_gmt":"2018-01-15T09:36:00","slug":"delicadas-de-almendras-y-cerezas","status":"publish","type":"post","link":"https:\/\/www.irenemilito.it\/es\/delicadas-de-almendras-y-cerezas\/","title":{"rendered":"Delicadas de almendras y cerezas"},"content":{"rendered":"<div class=\"separator\" style=\"clear: both; text-align: left;\"><b>Ingredientes para la masa:<\/b><\/div>\n<ul>\n<li class=\"separator\" style=\"clear: both; text-align: left;\">100 gr de az\u00facar<\/li>\n<li class=\"separator\" style=\"clear: both; text-align: left;\">200 gr de mantequilla<\/li>\n<li class=\"separator\" style=\"clear: both; text-align: left;\">300 gr de harina com\u00fan<\/li>\n<li class=\"separator\" style=\"clear: both; text-align: left;\">1 huevo<\/li>\n<\/ul>\n<p><b>Ingredientes para la cobertura:<\/b><\/p>\n<ul>\n<li>100 gr de az\u00facar<\/li>\n<li>30 gr de mantequilla<\/li>\n<li>125 ml di nata (crema de leche)<\/li>\n<li>100 gr de almendras picadas<\/li>\n<li>2 cucharadas de cerezas picadas<\/li>\n<\/ul>\n<p><b>Preparaci\u00f3n:<\/b><\/p>\n<p>Amasar todos los ingredientes hasta que se forme una masa lisa. Envolver en film y llevar a la heladera por 1 hora. Precalentar el horno a 200\u00b0C (fuerte). Enmantecar una placa para horno y espolvorear con harina. Estirar la masa bien finita (2 mm) sobre la placa y pinchar con tenedor. Llevar al horno por 15 minutos. A\u00fan en caliente, cortar las galletas en rectangular o rombos. Dejar enfriar completamente. Para la cobertura, colocar el az\u00facar en una olla y dorar suavemente a fuego bajo. Incorporar las almendras y cerezas, y cubrir las galletas con la crema.<br \/>\n<b><br \/>\n<\/b><br \/>\n<b><br \/>\n<\/b><\/p>\n","protected":false},"excerpt":{"rendered":"<p>Ingredientes para la masa: 100 gr de az\u00facar 200 gr de mantequilla 300 gr de harina com\u00fan 1 huevo Ingredientes para la cobertura: 100 gr de az\u00facar 30 gr de mantequilla 125 ml di nata (crema de leche) 100 gr de almendras picadas 2 cucharadas de cerezas picadas Preparaci\u00f3n: Amasar todos los ingredientes hasta que&#8230;<\/p>\n<div class=\" [&hellip;]\"><a href=\"https:\/\/www.irenemilito.it\/es\/delicadas-de-almendras-y-cerezas\/\">Read More<\/a><\/div>\n","protected":false},"author":3,"featured_media":10470,"comment_status":"open","ping_status":"open","sticky":false,"template":"","format":"standard","meta":{"_acf_changed":false,"_bbp_topic_count":0,"_bbp_reply_count":0,"_bbp_total_topic_count":0,"_bbp_total_reply_count":0,"_bbp_voice_count":0,"_bbp_anonymous_reply_count":0,"_bbp_topic_count_hidden":0,"_bbp_reply_count_hidden":0,"_bbp_forum_subforum_count":0,"footnotes":""},"categories":[3800],"tags":[5329,5330,2904,5037,5239,5138,2985],"class_list":["post-10469","post","type-post","status-publish","format-standard","has-post-thumbnail","hentry","category-recetas","tag-receta-con-la-masa","tag-recetas-con-la-cobertura","tag-recetas-con-la-fruta","tag-recetas-con-la-fruta-seca","tag-recetas-con-las-almendras","tag-recetas-con-las-cerezas","tag-recetas-dulces"],"acf":[],"yoast_head":"<!-- This site is optimized with the Yoast SEO plugin v23.4 - https:\/\/yoast.com\/wordpress\/plugins\/seo\/ -->\n<title>Delicadas de almendras y cerezas - IreneMilito.it<\/title>\n<meta name=\"robots\" content=\"index, follow, max-snippet:-1, max-image-preview:large, max-video-preview:-1\" \/>\n<link rel=\"canonical\" href=\"https:\/\/www.irenemilito.it\/es\/delicadas-de-almendras-y-cerezas\/\" \/>\n<meta property=\"og:locale\" content=\"es_ES\" \/>\n<meta property=\"og:type\" content=\"article\" \/>\n<meta property=\"og:title\" content=\"Delicadas de almendras y cerezas\" \/>\n<meta property=\"og:description\" content=\"Ingredientes para la masa: 100 gr de az\u00facar 200 gr de mantequilla 300 gr de harina com\u00fan 1 huevo Ingredientes para la cobertura: 100 gr de az\u00facar 30 gr de mantequilla 125 ml di nata (crema de leche) 100 gr de almendras picadas 2 cucharadas de cerezas picadas Preparaci\u00f3n: Amasar todos los ingredientes hasta que...Read More\" \/>\n<meta property=\"og:url\" content=\"https:\/\/www.irenemilito.it\/es\/delicadas-de-almendras-y-cerezas\/\" \/>\n<meta property=\"og:site_name\" content=\"IreneMilito.it\" \/>\n<meta property=\"article:published_time\" content=\"2017-01-10T23:00:00+00:00\" \/>\n<meta property=\"article:modified_time\" content=\"2018-01-15T09:36:00+00:00\" \/>\n<meta property=\"og:image\" content=\"https:\/\/www.irenemilito.it\/wp-content\/uploads\/2018\/01\/d2d07e35a843772580f70d091eee2c80.jpg\" \/>\n\t<meta property=\"og:image:width\" content=\"320\" \/>\n\t<meta property=\"og:image:height\" content=\"320\" \/>\n\t<meta property=\"og:image:type\" content=\"image\/jpeg\" \/>\n<meta name=\"author\" content=\"Irene Milito\" \/>\n<meta name=\"twitter:card\" content=\"summary_large_image\" \/>\n<meta name=\"twitter:label1\" content=\"Written by\" \/>\n\t<meta name=\"twitter:data1\" content=\"Irene Milito\" \/>\n\t<meta name=\"twitter:label2\" content=\"Est. reading time\" \/>\n\t<meta name=\"twitter:data2\" content=\"1 minute\" \/>\n<script type=\"application\/ld+json\" class=\"yoast-schema-graph\">{\"@context\":\"https:\/\/schema.org\",\"@graph\":[{\"@type\":\"WebPage\",\"@id\":\"https:\/\/www.irenemilito.it\/es\/delicadas-de-almendras-y-cerezas\/\",\"url\":\"https:\/\/www.irenemilito.it\/es\/delicadas-de-almendras-y-cerezas\/\",\"name\":\"Delicadas de almendras y cerezas - IreneMilito.it\",\"isPartOf\":{\"@id\":\"https:\/\/www.irenemilito.it\/es\/#website\"},\"primaryImageOfPage\":{\"@id\":\"https:\/\/www.irenemilito.it\/es\/delicadas-de-almendras-y-cerezas\/#primaryimage\"},\"image\":{\"@id\":\"https:\/\/www.irenemilito.it\/es\/delicadas-de-almendras-y-cerezas\/#primaryimage\"},\"thumbnailUrl\":\"https:\/\/www.irenemilito.it\/wp-content\/uploads\/2018\/01\/d2d07e35a843772580f70d091eee2c80.jpg\",\"datePublished\":\"2017-01-10T23:00:00+00:00\",\"dateModified\":\"2018-01-15T09:36:00+00:00\",\"author\":{\"@id\":\"https:\/\/www.irenemilito.it\/es\/#\/schema\/person\/6b85191f6a3b4eca504346a11bfb5a43\"},\"breadcrumb\":{\"@id\":\"https:\/\/www.irenemilito.it\/es\/delicadas-de-almendras-y-cerezas\/#breadcrumb\"},\"inLanguage\":\"es-ES\",\"potentialAction\":[{\"@type\":\"ReadAction\",\"target\":[\"https:\/\/www.irenemilito.it\/es\/delicadas-de-almendras-y-cerezas\/\"]}]},{\"@type\":\"ImageObject\",\"inLanguage\":\"es-ES\",\"@id\":\"https:\/\/www.irenemilito.it\/es\/delicadas-de-almendras-y-cerezas\/#primaryimage\",\"url\":\"https:\/\/www.irenemilito.it\/wp-content\/uploads\/2018\/01\/d2d07e35a843772580f70d091eee2c80.jpg\",\"contentUrl\":\"https:\/\/www.irenemilito.it\/wp-content\/uploads\/2018\/01\/d2d07e35a843772580f70d091eee2c80.jpg\",\"width\":320,\"height\":320},{\"@type\":\"BreadcrumbList\",\"@id\":\"https:\/\/www.irenemilito.it\/es\/delicadas-de-almendras-y-cerezas\/#breadcrumb\",\"itemListElement\":[{\"@type\":\"ListItem\",\"position\":1,\"name\":\"Home\",\"item\":\"https:\/\/www.irenemilito.it\/es\/\"},{\"@type\":\"ListItem\",\"position\":2,\"name\":\"Delicadas de almendras y cerezas\"}]},{\"@type\":\"WebSite\",\"@id\":\"https:\/\/www.irenemilito.it\/es\/#website\",\"url\":\"https:\/\/www.irenemilito.it\/es\/\",\"name\":\"IreneMilito.it\",\"description\":\"\",\"potentialAction\":[{\"@type\":\"SearchAction\",\"target\":{\"@type\":\"EntryPoint\",\"urlTemplate\":\"https:\/\/www.irenemilito.it\/es\/?s={search_term_string}\"},\"query-input\":{\"@type\":\"PropertyValueSpecification\",\"valueRequired\":true,\"valueName\":\"search_term_string\"}}],\"inLanguage\":\"es-ES\"},{\"@type\":\"Person\",\"@id\":\"https:\/\/www.irenemilito.it\/es\/#\/schema\/person\/6b85191f6a3b4eca504346a11bfb5a43\",\"name\":\"Irene Milito\",\"image\":{\"@type\":\"ImageObject\",\"inLanguage\":\"es-ES\",\"@id\":\"https:\/\/www.irenemilito.it\/es\/#\/schema\/person\/image\/\",\"url\":\"https:\/\/secure.gravatar.com\/avatar\/5eb26e0db05f41e91aa2b9ea92d89581?s=96&d=mm&r=g\",\"contentUrl\":\"https:\/\/secure.gravatar.com\/avatar\/5eb26e0db05f41e91aa2b9ea92d89581?s=96&d=mm&r=g\",\"caption\":\"Irene Milito\"},\"url\":\"https:\/\/www.irenemilito.it\/es\/author\/irene-milito\/\"}]}<\/script>\n<!-- \/ Yoast SEO plugin. -->","yoast_head_json":{"title":"Delicadas de almendras y cerezas - IreneMilito.it","robots":{"index":"index","follow":"follow","max-snippet":"max-snippet:-1","max-image-preview":"max-image-preview:large","max-video-preview":"max-video-preview:-1"},"canonical":"https:\/\/www.irenemilito.it\/es\/delicadas-de-almendras-y-cerezas\/","og_locale":"es_ES","og_type":"article","og_title":"Delicadas de almendras y cerezas","og_description":"Ingredientes para la masa: 100 gr de az\u00facar 200 gr de mantequilla 300 gr de harina com\u00fan 1 huevo Ingredientes para la cobertura: 100 gr de az\u00facar 30 gr de mantequilla 125 ml di nata (crema de leche) 100 gr de almendras picadas 2 cucharadas de cerezas picadas Preparaci\u00f3n: Amasar todos los ingredientes hasta que...Read More","og_url":"https:\/\/www.irenemilito.it\/es\/delicadas-de-almendras-y-cerezas\/","og_site_name":"IreneMilito.it","article_published_time":"2017-01-10T23:00:00+00:00","article_modified_time":"2018-01-15T09:36:00+00:00","og_image":[{"width":320,"height":320,"url":"https:\/\/www.irenemilito.it\/wp-content\/uploads\/2018\/01\/d2d07e35a843772580f70d091eee2c80.jpg","type":"image\/jpeg"}],"author":"Irene Milito","twitter_card":"summary_large_image","twitter_misc":{"Written by":"Irene Milito","Est. reading time":"1 minute"},"schema":{"@context":"https:\/\/schema.org","@graph":[{"@type":"WebPage","@id":"https:\/\/www.irenemilito.it\/es\/delicadas-de-almendras-y-cerezas\/","url":"https:\/\/www.irenemilito.it\/es\/delicadas-de-almendras-y-cerezas\/","name":"Delicadas de almendras y cerezas - IreneMilito.it","isPartOf":{"@id":"https:\/\/www.irenemilito.it\/es\/#website"},"primaryImageOfPage":{"@id":"https:\/\/www.irenemilito.it\/es\/delicadas-de-almendras-y-cerezas\/#primaryimage"},"image":{"@id":"https:\/\/www.irenemilito.it\/es\/delicadas-de-almendras-y-cerezas\/#primaryimage"},"thumbnailUrl":"https:\/\/www.irenemilito.it\/wp-content\/uploads\/2018\/01\/d2d07e35a843772580f70d091eee2c80.jpg","datePublished":"2017-01-10T23:00:00+00:00","dateModified":"2018-01-15T09:36:00+00:00","author":{"@id":"https:\/\/www.irenemilito.it\/es\/#\/schema\/person\/6b85191f6a3b4eca504346a11bfb5a43"},"breadcrumb":{"@id":"https:\/\/www.irenemilito.it\/es\/delicadas-de-almendras-y-cerezas\/#breadcrumb"},"inLanguage":"es-ES","potentialAction":[{"@type":"ReadAction","target":["https:\/\/www.irenemilito.it\/es\/delicadas-de-almendras-y-cerezas\/"]}]},{"@type":"ImageObject","inLanguage":"es-ES","@id":"https:\/\/www.irenemilito.it\/es\/delicadas-de-almendras-y-cerezas\/#primaryimage","url":"https:\/\/www.irenemilito.it\/wp-content\/uploads\/2018\/01\/d2d07e35a843772580f70d091eee2c80.jpg","contentUrl":"https:\/\/www.irenemilito.it\/wp-content\/uploads\/2018\/01\/d2d07e35a843772580f70d091eee2c80.jpg","width":320,"height":320},{"@type":"BreadcrumbList","@id":"https:\/\/www.irenemilito.it\/es\/delicadas-de-almendras-y-cerezas\/#breadcrumb","itemListElement":[{"@type":"ListItem","position":1,"name":"Home","item":"https:\/\/www.irenemilito.it\/es\/"},{"@type":"ListItem","position":2,"name":"Delicadas de almendras y cerezas"}]},{"@type":"WebSite","@id":"https:\/\/www.irenemilito.it\/es\/#website","url":"https:\/\/www.irenemilito.it\/es\/","name":"IreneMilito.it","description":"","potentialAction":[{"@type":"SearchAction","target":{"@type":"EntryPoint","urlTemplate":"https:\/\/www.irenemilito.it\/es\/?s={search_term_string}"},"query-input":{"@type":"PropertyValueSpecification","valueRequired":true,"valueName":"search_term_string"}}],"inLanguage":"es-ES"},{"@type":"Person","@id":"https:\/\/www.irenemilito.it\/es\/#\/schema\/person\/6b85191f6a3b4eca504346a11bfb5a43","name":"Irene Milito","image":{"@type":"ImageObject","inLanguage":"es-ES","@id":"https:\/\/www.irenemilito.it\/es\/#\/schema\/person\/image\/","url":"https:\/\/secure.gravatar.com\/avatar\/5eb26e0db05f41e91aa2b9ea92d89581?s=96&d=mm&r=g","contentUrl":"https:\/\/secure.gravatar.com\/avatar\/5eb26e0db05f41e91aa2b9ea92d89581?s=96&d=mm&r=g","caption":"Irene Milito"},"url":"https:\/\/www.irenemilito.it\/es\/author\/irene-milito\/"}]}},"_links":{"self":[{"href":"https:\/\/www.irenemilito.it\/es\/wp-json\/wp\/v2\/posts\/10469"}],"collection":[{"href":"https:\/\/www.irenemilito.it\/es\/wp-json\/wp\/v2\/posts"}],"about":[{"href":"https:\/\/www.irenemilito.it\/es\/wp-json\/wp\/v2\/types\/post"}],"author":[{"embeddable":true,"href":"https:\/\/www.irenemilito.it\/es\/wp-json\/wp\/v2\/users\/3"}],"replies":[{"embeddable":true,"href":"https:\/\/www.irenemilito.it\/es\/wp-json\/wp\/v2\/comments?post=10469"}],"version-history":[{"count":2,"href":"https:\/\/www.irenemilito.it\/es\/wp-json\/wp\/v2\/posts\/10469\/revisions"}],"predecessor-version":[{"id":11817,"href":"https:\/\/www.irenemilito.it\/es\/wp-json\/wp\/v2\/posts\/10469\/revisions\/11817"}],"wp:featuredmedia":[{"embeddable":true,"href":"https:\/\/www.irenemilito.it\/es\/wp-json\/wp\/v2\/media\/10470"}],"wp:attachment":[{"href":"https:\/\/www.irenemilito.it\/es\/wp-json\/wp\/v2\/media?parent=10469"}],"wp:term":[{"taxonomy":"category","embeddable":true,"href":"https:\/\/www.irenemilito.it\/es\/wp-json\/wp\/v2\/categories?post=10469"},{"taxonomy":"post_tag","embeddable":true,"href":"https:\/\/www.irenemilito.it\/es\/wp-json\/wp\/v2\/tags?post=10469"}],"curies":[{"name":"wp","href":"https:\/\/api.w.org\/{rel}","templated":true}]}}